{"id":42693,"date":"2025-03-05T20:52:08","date_gmt":"2025-03-06T00:52:08","guid":{"rendered":"https:\/\/ciudadtrujillo.com\/?p=42693"},"modified":"2025-03-05T20:52:08","modified_gmt":"2025-03-06T00:52:08","slug":"feria-del-campo-soberano-garantizo-seguridad-alimentaria-a-11-562-familias-trujillanas","status":"publish","type":"post","link":"https:\/\/ciudadtrujillo.com\/?p=42693","title":{"rendered":"Feria del Campo Soberano garantiz\u00f3 seguridad alimentaria a 11.562 familias trujillanas"},"content":{"rendered":"<p style=\"text-align: justify;\">En el marco de los programas sociales para garantizar la seguridad alimentaria al pueblo, la Misi\u00f3n Alimentaci\u00f3n despleg\u00f3 diferentes jornadas de la Feria del Campo Soberano para atender a 11.562 familias trujillanas con la entrega de combos de prote\u00ednas y verduras a precios solidarios, gracias al Presidente Nicol\u00e1s Maduro.<\/p>\n<p style=\"text-align: justify;\">Con gran compromiso y dedicaci\u00f3n se entregaron 11.827 combos proteicos, as\u00ed como de verduras y hortalizas durante las ferias realizadas en las parroquias Pamp\u00e1n (Pamp\u00e1n), Tres de Febrero (La Ceiba), Sabana de Mendoza (Sucre) y Crist\u00f3bal Mendoza (Trujillo capital).<\/p>\n<p style=\"text-align: justify;\">La se\u00f1ora Cristina Rojas, habitante favorecida en la parroquia Tres de Febrero, agradeci\u00f3 al Gobierno Bolivariano por profundizar acciones que benefician al pueblo, \u00abestos son alimentos de buena calidad y primera necesidad que nos ofrecen a precios accesibles, estamos muy contentos y esperamos que contin\u00faen las jornadas\u00bb.<\/p>\n<p>&nbsp;<\/p>\n<p>&nbsp;<\/p>\n<h6>Prensa Misi\u00f3n Alimentaci\u00f3n<\/h6>\n","protected":false},"excerpt":{"rendered":"<p>En el marco de los programas sociales para garantizar la seguridad alimentaria al pueblo, la Misi\u00f3n Alimentaci\u00f3n despleg\u00f3 diferentes jornadas de la Feria del Campo Soberano para atender a 11.562&hellip; <\/p>\n","protected":false},"author":7,"featured_media":42694,"comment_status":"closed","ping_status":"closed","sticky":false,"template":"","format":"standard","meta":{"footnotes":""},"categories":[40],"tags":[],"class_list":["post-42693","post","type-post","status-publish","format-standard","has-post-thumbnail","hentry","category-grantrujillo"],"_links":{"self":[{"href":"https:\/\/ciudadtrujillo.com\/index.php?rest_route=\/wp\/v2\/posts\/42693","targetHints":{"allow":["GET"]}}],"collection":[{"href":"https:\/\/ciudadtrujillo.com\/index.php?rest_route=\/wp\/v2\/posts"}],"about":[{"href":"https:\/\/ciudadtrujillo.com\/index.php?rest_route=\/wp\/v2\/types\/post"}],"author":[{"embeddable":true,"href":"https:\/\/ciudadtrujillo.com\/index.php?rest_route=\/wp\/v2\/users\/7"}],"replies":[{"embeddable":true,"href":"https:\/\/ciudadtrujillo.com\/index.php?rest_route=%2Fwp%2Fv2%2Fcomments&post=42693"}],"version-history":[{"count":1,"href":"https:\/\/ciudadtrujillo.com\/index.php?rest_route=\/wp\/v2\/posts\/42693\/revisions"}],"predecessor-version":[{"id":42695,"href":"https:\/\/ciudadtrujillo.com\/index.php?rest_route=\/wp\/v2\/posts\/42693\/revisions\/42695"}],"wp:featuredmedia":[{"embeddable":true,"href":"https:\/\/ciudadtrujillo.com\/index.php?rest_route=\/wp\/v2\/media\/42694"}],"wp:attachment":[{"href":"https:\/\/ciudadtrujillo.com\/index.php?rest_route=%2Fwp%2Fv2%2Fmedia&parent=42693"}],"wp:term":[{"taxonomy":"category","embeddable":true,"href":"https:\/\/ciudadtrujillo.com\/index.php?rest_route=%2Fwp%2Fv2%2Fcategories&post=42693"},{"taxonomy":"post_tag","embeddable":true,"href":"https:\/\/ciudadtrujillo.com\/index.php?rest_route=%2Fwp%2Fv2%2Ftags&post=42693"}],"curies":[{"name":"wp","href":"https:\/\/api.w.org\/{rel}","templated":true}]}}