{"id":42684,"date":"2025-03-05T20:45:02","date_gmt":"2025-03-06T00:45:02","guid":{"rendered":"https:\/\/ciudadtrujillo.com\/?p=42684"},"modified":"2025-03-05T20:45:02","modified_gmt":"2025-03-06T00:45:02","slug":"pueblo-venezolano-marcho-en-conmemoracion-de-la-siembra-del-lider-eterno-de-la-revolucion","status":"publish","type":"post","link":"https:\/\/ciudadtrujillo.com\/?p=42684","title":{"rendered":"Pueblo venezolano march\u00f3 en conmemoraci\u00f3n de la siembra del l\u00edder eterno de la Revoluci\u00f3n"},"content":{"rendered":"<p style=\"text-align: justify;\">Como parte de la conmemoraci\u00f3n de los 12 a\u00f1os de la partida f\u00edsica del Comandante de la Revoluci\u00f3n Bolivariana, Hugo Rafael Ch\u00e1vez Fr\u00edas, la Direcci\u00f3n Nacional del Partido Socialista Unido de Venezuela (PSUV) march\u00f3 este 5 de marzo, junto a la militancia en una movilizaci\u00f3n que cont\u00f3 con varios puntos de salida, entre estas, El rinc\u00f3n del taxista, ubicado en la parroquia 23 de Enero del municipio Libertador de Caracas a las 8:30 de la ma\u00f1ana y lleg\u00f3 al Cuartel de la Monta\u00f1a 4F.<\/p>\n<p style=\"text-align: justify;\">Otros de los puntos de salida es la Plaza O\u2019Leary a las 10:30 de la ma\u00f1ana, Paguita a las 12:00 del mediod\u00eda, mientras en la Plaza Miranda a las 2:30 de la tarde, Parque Al\u00ed Primera a las 3:30 de la tarde, escaleras de El Calvario a las 1:30 de la tarde y Plaza Bol\u00edvar a las 3:30 de la tarde.<\/p>\n<p style=\"text-align: justify;\">Las distintas movilizaciones finalizaron en el Cuartel de la Monta\u00f1a 4F, donde reposan los restos del Comandante Hugo Ch\u00e1vez Fr\u00edas.<\/p>\n<p>&nbsp;<\/p>\n<p>&nbsp;<\/p>\n<h6>VTV<\/h6>\n","protected":false},"excerpt":{"rendered":"<p>Como parte de la conmemoraci\u00f3n de los 12 a\u00f1os de la partida f\u00edsica del Comandante de la Revoluci\u00f3n Bolivariana, Hugo Rafael Ch\u00e1vez Fr\u00edas, la Direcci\u00f3n Nacional del Partido Socialista Unido&hellip; <\/p>\n","protected":false},"author":7,"featured_media":42685,"comment_status":"closed","ping_status":"closed","sticky":false,"template":"","format":"standard","meta":{"footnotes":""},"categories":[41],"tags":[],"class_list":["post-42684","post","type-post","status-publish","format-standard","has-post-thumbnail","hentry","category-pais"],"_links":{"self":[{"href":"https:\/\/ciudadtrujillo.com\/index.php?rest_route=\/wp\/v2\/posts\/42684","targetHints":{"allow":["GET"]}}],"collection":[{"href":"https:\/\/ciudadtrujillo.com\/index.php?rest_route=\/wp\/v2\/posts"}],"about":[{"href":"https:\/\/ciudadtrujillo.com\/index.php?rest_route=\/wp\/v2\/types\/post"}],"author":[{"embeddable":true,"href":"https:\/\/ciudadtrujillo.com\/index.php?rest_route=\/wp\/v2\/users\/7"}],"replies":[{"embeddable":true,"href":"https:\/\/ciudadtrujillo.com\/index.php?rest_route=%2Fwp%2Fv2%2Fcomments&post=42684"}],"version-history":[{"count":1,"href":"https:\/\/ciudadtrujillo.com\/index.php?rest_route=\/wp\/v2\/posts\/42684\/revisions"}],"predecessor-version":[{"id":42686,"href":"https:\/\/ciudadtrujillo.com\/index.php?rest_route=\/wp\/v2\/posts\/42684\/revisions\/42686"}],"wp:featuredmedia":[{"embeddable":true,"href":"https:\/\/ciudadtrujillo.com\/index.php?rest_route=\/wp\/v2\/media\/42685"}],"wp:attachment":[{"href":"https:\/\/ciudadtrujillo.com\/index.php?rest_route=%2Fwp%2Fv2%2Fmedia&parent=42684"}],"wp:term":[{"taxonomy":"category","embeddable":true,"href":"https:\/\/ciudadtrujillo.com\/index.php?rest_route=%2Fwp%2Fv2%2Fcategories&post=42684"},{"taxonomy":"post_tag","embeddable":true,"href":"https:\/\/ciudadtrujillo.com\/index.php?rest_route=%2Fwp%2Fv2%2Ftags&post=42684"}],"curies":[{"name":"wp","href":"https:\/\/api.w.org\/{rel}","templated":true}]}}