{"id":42663,"date":"2025-03-04T19:13:58","date_gmt":"2025-03-04T23:13:58","guid":{"rendered":"https:\/\/ciudadtrujillo.com\/?p=42663"},"modified":"2025-03-04T19:13:58","modified_gmt":"2025-03-04T23:13:58","slug":"nuevo-atropello-multiple-en-alemania-deja-al-menos-dos-fallecidos","status":"publish","type":"post","link":"https:\/\/ciudadtrujillo.com\/?p=42663","title":{"rendered":"Nuevo atropello m\u00faltiple en Alemania deja al menos dos fallecidos"},"content":{"rendered":"<p style=\"text-align: justify;\">El 3 marzo, la ciudad alemana de Mannheim vivi\u00f3 una tragedia por un nuevo atropello m\u00faltiple con un veh\u00edculo en una calle peatonal, que dej\u00f3 dos fallecidos y 11 heridos. El incidente se produjo cuando la multitud se congregaba en ciudades de Renania, en el oeste de Alemania, para participar en los desfiles con motivo de la temporada de carnaval.<\/p>\n<p style=\"text-align: justify;\">El presunto autor del atropello m\u00faltiple es un alem\u00e1n de 40 a\u00f1os con condenas previas vinculadas al alcoholismo y al extremismo de ultraderecha. Procede del estado de Renania-Palatinado y hab\u00eda sido detenido en relaci\u00f3n con el atentado m\u00faltiple de este lunes.<\/p>\n<p style=\"text-align: justify;\">Conduc\u00eda un veh\u00edculo utilitario deportivo (SUV) negro arroll\u00f3 a gran velocidad a la gente que se dirig\u00eda desde la c\u00e9ntrica plaza Paradeplatz hacia la emblem\u00e1tica torre del agua de la ciudad, seg\u00fan medios locales.<\/p>\n<p style=\"text-align: justify;\">Los investigadores han declarado en una rueda de prensa que contaban con indicios de que el sospechoso padec\u00eda una enfermedad mental y que ese hab\u00eda sido el principal m\u00f3vil de la investigaci\u00f3n. Al acusado se le imputan delitos de asesinato, seg\u00fan el fiscal jefe Romeo Sch\u00fcssler.<\/p>\n<h3 style=\"text-align: justify;\">Seguidilla<\/h3>\n<p style=\"text-align: justify;\">Este hecho se enmarca en una seguidilla de atropellos en el pa\u00eds en los \u00faltimos meses. El \u00faltimo hab\u00eda sido en febrero, en M\u00fanich, cuando un conductor embisti\u00f3 con su veh\u00edculo a manifestantes y mat\u00f3 a dos personas. El presunto autor, detenido all\u00ed mismo, es un afgano de 24 a\u00f1os que habr\u00eda actuado por \u00abmotivos religiosos\u00bb.<\/p>\n<p style=\"text-align: justify;\">\u00abEsta vez, hay que descartar a esta altura un atentado terrorista con tintes religiosos. El ataque estar\u00eda relacionado con los problemas psiqui\u00e1tricos del autor\u201d, coment\u00f3 el periodista Luciano Pasquale.<\/p>\n<p style=\"text-align: justify;\">El periodista coment\u00f3 que la violencia se vio reflejada en las \u00faltimas elecciones con un crecimiento del partido ultraderechista Alternativa para Alemania [AfD, por sus siglas en alem\u00e1n].<\/p>\n<p style=\"text-align: justify;\">\u00abPor la inmigraci\u00f3n, el panorama sociocultural cambi\u00f3 por completo en el pa\u00eds y la gente est\u00e1 pidiendo otras pol\u00edticas en esta materia. Si Merz no cumple lo que prometi\u00f3 en campa\u00f1a, AfD va a seguir creciendo\u00bb, augur\u00f3 el periodista.<\/p>\n<p style=\"text-align: justify;\">\n<p>&nbsp;<\/p>\n<p>&nbsp;<\/p>\n<h6>VTV<\/h6>\n","protected":false},"excerpt":{"rendered":"<p>El 3 marzo, la ciudad alemana de Mannheim vivi\u00f3 una tragedia por un nuevo atropello m\u00faltiple con un veh\u00edculo en una calle peatonal, que dej\u00f3 dos fallecidos y 11 heridos.&hellip; <\/p>\n","protected":false},"author":7,"featured_media":42664,"comment_status":"closed","ping_status":"closed","sticky":false,"template":"","format":"standard","meta":{"footnotes":""},"categories":[42],"tags":[],"class_list":["post-42663","post","type-post","status-publish","format-standard","has-post-thumbnail","hentry","category-mundo"],"_links":{"self":[{"href":"https:\/\/ciudadtrujillo.com\/index.php?rest_route=\/wp\/v2\/posts\/42663","targetHints":{"allow":["GET"]}}],"collection":[{"href":"https:\/\/ciudadtrujillo.com\/index.php?rest_route=\/wp\/v2\/posts"}],"about":[{"href":"https:\/\/ciudadtrujillo.com\/index.php?rest_route=\/wp\/v2\/types\/post"}],"author":[{"embeddable":true,"href":"https:\/\/ciudadtrujillo.com\/index.php?rest_route=\/wp\/v2\/users\/7"}],"replies":[{"embeddable":true,"href":"https:\/\/ciudadtrujillo.com\/index.php?rest_route=%2Fwp%2Fv2%2Fcomments&post=42663"}],"version-history":[{"count":1,"href":"https:\/\/ciudadtrujillo.com\/index.php?rest_route=\/wp\/v2\/posts\/42663\/revisions"}],"predecessor-version":[{"id":42665,"href":"https:\/\/ciudadtrujillo.com\/index.php?rest_route=\/wp\/v2\/posts\/42663\/revisions\/42665"}],"wp:featuredmedia":[{"embeddable":true,"href":"https:\/\/ciudadtrujillo.com\/index.php?rest_route=\/wp\/v2\/media\/42664"}],"wp:attachment":[{"href":"https:\/\/ciudadtrujillo.com\/index.php?rest_route=%2Fwp%2Fv2%2Fmedia&parent=42663"}],"wp:term":[{"taxonomy":"category","embeddable":true,"href":"https:\/\/ciudadtrujillo.com\/index.php?rest_route=%2Fwp%2Fv2%2Fcategories&post=42663"},{"taxonomy":"post_tag","embeddable":true,"href":"https:\/\/ciudadtrujillo.com\/index.php?rest_route=%2Fwp%2Fv2%2Ftags&post=42663"}],"curies":[{"name":"wp","href":"https:\/\/api.w.org\/{rel}","templated":true}]}}