{"id":42659,"date":"2025-03-03T17:54:45","date_gmt":"2025-03-03T21:54:45","guid":{"rendered":"https:\/\/ciudadtrujillo.com\/?p=42659"},"modified":"2025-03-04T19:10:55","modified_gmt":"2025-03-04T23:10:55","slug":"un-total-de-152-productores-participaron-de-la-expoferia-agricola-2025","status":"publish","type":"post","link":"https:\/\/ciudadtrujillo.com\/?p=42659","title":{"rendered":"Expoferia Agr\u00edcola este a\u00f1o reuni\u00f3 un total 152 productores"},"content":{"rendered":"<p style=\"text-align: justify;\">La Expoferia Agr\u00edcola 2025 una vez m\u00e1s reuni\u00f3 el gran potencial que posee el estado Trujillo, en la que fueron part\u00edcipes un total de 152 productores del \u00e1rea agroproductivo desde la Av. Bol\u00edvar del municipio Valera.<\/p>\n<p style=\"text-align: justify;\">La demostraci\u00f3n se realiz\u00f3 a trav\u00e9s de los diferentes stands a lo largo de esta arteria vial entre las calles 7 y 15. Una exhibici\u00f3n que se desarroll\u00f3 como parte de la amplia programaci\u00f3n de los Carnavales 2025.<\/p>\n<p style=\"text-align: justify;\">En este sentido, el secretario de Desarrollo Econ\u00f3mico de la Gobernaci\u00f3n de Trujillo, Ing. Carlos Gil, mencion\u00f3 que los expositores mostraron la producci\u00f3n agr\u00edcola vegetal, pecuaria, mineral y tur\u00edstica. \u00abNos estamos preparando la para la gran Expoferia que realizaremos pr\u00f3ximamente en la entidad\u00bb, agreg\u00f3 Gil.<\/p>\n<p style=\"text-align: justify;\">Por su parte, la responsable de la Direcci\u00f3n Regional \u00abEl Ni\u00f1o Sim\u00f3n\u00bb, Lcda. Reyna P\u00e9rez de M\u00e1rquez, invit\u00f3 a todo el colectivo a seguir festejando los Carnavales 2025, se\u00f1alando que en horas de la tarde de este domingo se desarrollar\u00e1 la Exhibici\u00f3n de Audiocars en la Av. Bol\u00edvar de Las Siete Colinas.<\/p>\n<p style=\"text-align: justify;\">Actualmente el estado Trujillo es el primero en la producci\u00f3n de fresa, cambur criollo y pi\u00f1a, adem\u00e1s de ocupar el tercer lugar con el caf\u00e9, rubro que ha sido merecedor del primer lugar por su calidad en eventos nacionales e internacionales.<\/p>\n<p>&nbsp;<\/p>\n<p>&nbsp;<\/p>\n<h6>Rossiel Hurtado\/Gr\u00e1ficas: David V\u00e1squez<\/h6>\n","protected":false},"excerpt":{"rendered":"<p>La Expoferia Agr\u00edcola 2025 una vez m\u00e1s reuni\u00f3 el gran potencial que posee el estado Trujillo, en la que fueron part\u00edcipes un total de 152 productores del \u00e1rea agroproductivo desde&hellip; <\/p>\n","protected":false},"author":7,"featured_media":42660,"comment_status":"closed","ping_status":"closed","sticky":false,"template":"","format":"standard","meta":{"footnotes":""},"categories":[40],"tags":[],"class_list":["post-42659","post","type-post","status-publish","format-standard","has-post-thumbnail","hentry","category-grantrujillo"],"_links":{"self":[{"href":"https:\/\/ciudadtrujillo.com\/index.php?rest_route=\/wp\/v2\/posts\/42659","targetHints":{"allow":["GET"]}}],"collection":[{"href":"https:\/\/ciudadtrujillo.com\/index.php?rest_route=\/wp\/v2\/posts"}],"about":[{"href":"https:\/\/ciudadtrujillo.com\/index.php?rest_route=\/wp\/v2\/types\/post"}],"author":[{"embeddable":true,"href":"https:\/\/ciudadtrujillo.com\/index.php?rest_route=\/wp\/v2\/users\/7"}],"replies":[{"embeddable":true,"href":"https:\/\/ciudadtrujillo.com\/index.php?rest_route=%2Fwp%2Fv2%2Fcomments&post=42659"}],"version-history":[{"count":2,"href":"https:\/\/ciudadtrujillo.com\/index.php?rest_route=\/wp\/v2\/posts\/42659\/revisions"}],"predecessor-version":[{"id":42662,"href":"https:\/\/ciudadtrujillo.com\/index.php?rest_route=\/wp\/v2\/posts\/42659\/revisions\/42662"}],"wp:featuredmedia":[{"embeddable":true,"href":"https:\/\/ciudadtrujillo.com\/index.php?rest_route=\/wp\/v2\/media\/42660"}],"wp:attachment":[{"href":"https:\/\/ciudadtrujillo.com\/index.php?rest_route=%2Fwp%2Fv2%2Fmedia&parent=42659"}],"wp:term":[{"taxonomy":"category","embeddable":true,"href":"https:\/\/ciudadtrujillo.com\/index.php?rest_route=%2Fwp%2Fv2%2Fcategories&post=42659"},{"taxonomy":"post_tag","embeddable":true,"href":"https:\/\/ciudadtrujillo.com\/index.php?rest_route=%2Fwp%2Fv2%2Ftags&post=42659"}],"curies":[{"name":"wp","href":"https:\/\/api.w.org\/{rel}","templated":true}]}}