{"id":42653,"date":"2025-03-03T17:52:43","date_gmt":"2025-03-03T21:52:43","guid":{"rendered":"https:\/\/ciudadtrujillo.com\/?p=42653"},"modified":"2025-03-04T19:45:17","modified_gmt":"2025-03-04T23:45:17","slug":"mas-de-70-caninos-se-presentaron-en-exhibicion-de-disfraces-en-valera","status":"publish","type":"post","link":"https:\/\/ciudadtrujillo.com\/?p=42653","title":{"rendered":"Exhibici\u00f3n de m\u00e1s de 70 disfraces caninos en el Parque Los Ilustres de Valera"},"content":{"rendered":"<p style=\"text-align: justify;\">La exhibici\u00f3n de mascotas con sus disfraces se present\u00f3 como novedad entre las actividades carnestolendas desde el municipio Valera, por lo que en tarima fueron expuestos m\u00e1s de 70 caninos, quienes lucieron trajes creativos y originales.<\/p>\n<p style=\"text-align: justify;\">La presentaci\u00f3n se realiz\u00f3 en los espacios del Parque Los Ilustres de Valera, donde los perros destacaron con disfraces alusivos a s\u00faper h\u00e9roes, princesas, arlequ\u00ednes, brujas, entre otros personajes.<\/p>\n<p style=\"text-align: justify;\">La responsable de la Direcci\u00f3n Regional \u00abEl Ni\u00f1o Sim\u00f3n\u00bb, Lcda. Reyna P\u00e9rez de M\u00e1rquez, acompa\u00f1ada por el gobernador del estado Gerardo M\u00e1rquez, resalt\u00f3 la participaci\u00f3n de los trujillanos en esta actividad, recordando el v\u00ednculo que une a las familias con las mascotas.<\/p>\n<p style=\"text-align: justify;\"><img loading=\"lazy\" decoding=\"async\" class=\"size-medium wp-image-42655 aligncenter\" src=\"https:\/\/ciudadtrujillo.com\/wp-content\/uploads\/2025\/03\/Screenshot_4-300x198.png\" alt=\"\" width=\"300\" height=\"198\" srcset=\"https:\/\/ciudadtrujillo.com\/wp-content\/uploads\/2025\/03\/Screenshot_4-300x198.png 300w, https:\/\/ciudadtrujillo.com\/wp-content\/uploads\/2025\/03\/Screenshot_4.png 577w\" sizes=\"auto, (max-width: 300px) 100vw, 300px\" \/> <img loading=\"lazy\" decoding=\"async\" class=\"size-medium wp-image-42656 aligncenter\" src=\"https:\/\/ciudadtrujillo.com\/wp-content\/uploads\/2025\/03\/Screenshot_2-300x198.png\" alt=\"\" width=\"300\" height=\"198\" srcset=\"https:\/\/ciudadtrujillo.com\/wp-content\/uploads\/2025\/03\/Screenshot_2-300x198.png 300w, https:\/\/ciudadtrujillo.com\/wp-content\/uploads\/2025\/03\/Screenshot_2.png 584w\" sizes=\"auto, (max-width: 300px) 100vw, 300px\" \/><\/p>\n<p style=\"text-align: justify;\">Cabe recordar que estas actividades fueron organizadas no solo para el disfrute de propios y temporadistas, sino tambi\u00e9n para sus mascotas, como parte de la programaci\u00f3n de los Carnavales 2025 prevista para el compartir en familia, adem\u00e1s de fomentar el cuidado y protecci\u00f3n de los animales a trav\u00e9s de estos eventos.<\/p>\n<p style=\"text-align: justify;\">\u00abDebemos cuidar a nuestras mascotas porque al igual que nosotros son seres vivos. Ellos son el amor m\u00e1s puro que podemos tener\u00bb, finaliz\u00f3 P\u00e9rez de M\u00e1rquez.<\/p>\n<p style=\"text-align: justify;\"><img loading=\"lazy\" decoding=\"async\" class=\"size-medium wp-image-42657 aligncenter\" src=\"https:\/\/ciudadtrujillo.com\/wp-content\/uploads\/2025\/03\/Screenshot_3-300x198.png\" alt=\"\" width=\"300\" height=\"198\" srcset=\"https:\/\/ciudadtrujillo.com\/wp-content\/uploads\/2025\/03\/Screenshot_3-300x198.png 300w, https:\/\/ciudadtrujillo.com\/wp-content\/uploads\/2025\/03\/Screenshot_3.png 579w\" sizes=\"auto, (max-width: 300px) 100vw, 300px\" \/><\/p>\n<p>&nbsp;<\/p>\n<p>&nbsp;<\/p>\n<p>&nbsp;<\/p>\n<h6>Rossiel Hurtado\/Gr\u00e1ficas: David V\u00e1squez\/ Carlos Luis Rojas<\/h6>\n<p>&nbsp;<\/p>\n","protected":false},"excerpt":{"rendered":"<p>La exhibici\u00f3n de mascotas con sus disfraces se present\u00f3 como novedad entre las actividades carnestolendas desde el municipio Valera, por lo que en tarima fueron expuestos m\u00e1s de 70 caninos,&hellip; <\/p>\n","protected":false},"author":7,"featured_media":42654,"comment_status":"closed","ping_status":"closed","sticky":false,"template":"","format":"standard","meta":{"footnotes":""},"categories":[40],"tags":[],"class_list":["post-42653","post","type-post","status-publish","format-standard","has-post-thumbnail","hentry","category-grantrujillo"],"_links":{"self":[{"href":"https:\/\/ciudadtrujillo.com\/index.php?rest_route=\/wp\/v2\/posts\/42653","targetHints":{"allow":["GET"]}}],"collection":[{"href":"https:\/\/ciudadtrujillo.com\/index.php?rest_route=\/wp\/v2\/posts"}],"about":[{"href":"https:\/\/ciudadtrujillo.com\/index.php?rest_route=\/wp\/v2\/types\/post"}],"author":[{"embeddable":true,"href":"https:\/\/ciudadtrujillo.com\/index.php?rest_route=\/wp\/v2\/users\/7"}],"replies":[{"embeddable":true,"href":"https:\/\/ciudadtrujillo.com\/index.php?rest_route=%2Fwp%2Fv2%2Fcomments&post=42653"}],"version-history":[{"count":3,"href":"https:\/\/ciudadtrujillo.com\/index.php?rest_route=\/wp\/v2\/posts\/42653\/revisions"}],"predecessor-version":[{"id":42677,"href":"https:\/\/ciudadtrujillo.com\/index.php?rest_route=\/wp\/v2\/posts\/42653\/revisions\/42677"}],"wp:featuredmedia":[{"embeddable":true,"href":"https:\/\/ciudadtrujillo.com\/index.php?rest_route=\/wp\/v2\/media\/42654"}],"wp:attachment":[{"href":"https:\/\/ciudadtrujillo.com\/index.php?rest_route=%2Fwp%2Fv2%2Fmedia&parent=42653"}],"wp:term":[{"taxonomy":"category","embeddable":true,"href":"https:\/\/ciudadtrujillo.com\/index.php?rest_route=%2Fwp%2Fv2%2Fcategories&post=42653"},{"taxonomy":"post_tag","embeddable":true,"href":"https:\/\/ciudadtrujillo.com\/index.php?rest_route=%2Fwp%2Fv2%2Ftags&post=42653"}],"curies":[{"name":"wp","href":"https:\/\/api.w.org\/{rel}","templated":true}]}}