{"id":42643,"date":"2025-03-01T16:26:27","date_gmt":"2025-03-01T20:26:27","guid":{"rendered":"https:\/\/ciudadtrujillo.com\/?p=42643"},"modified":"2025-03-01T18:17:19","modified_gmt":"2025-03-01T22:17:19","slug":"mas-de-1-800-artistas-deslumbraron-en-desfile-de-carnaval-en-valera","status":"publish","type":"post","link":"https:\/\/ciudadtrujillo.com\/?p=42643","title":{"rendered":"M\u00e1s de 1.800 artistas deslumbraron en desfile de Carnaval en Valera"},"content":{"rendered":"<p style=\"text-align: justify;\">Este s\u00e1bado, los trujillanos disfrutaron de un d\u00eda lleno de emoci\u00f3n, alegr\u00eda y mucho color en la Av. Bol\u00edvar de Valera, con el desfile de carrozas, trajes individuales de fantas\u00eda y bandas show, donde participaron m\u00e1s de 1.800 artistas.<\/p>\n<p style=\"text-align: justify;\">Se presentaron un total de 14 carrozas, 54 trajes individuales d<img loading=\"lazy\" decoding=\"async\" class=\"wp-image-42649 alignleft\" style=\"text-align: justify;\" src=\"https:\/\/ciudadtrujillo.com\/wp-content\/uploads\/2025\/03\/Screenshot_11-300x204.png\" alt=\"\" width=\"443\" height=\"301\" srcset=\"https:\/\/ciudadtrujillo.com\/wp-content\/uploads\/2025\/03\/Screenshot_11-300x204.png 300w, https:\/\/ciudadtrujillo.com\/wp-content\/uploads\/2025\/03\/Screenshot_11.png 562w\" sizes=\"auto, (max-width: 443px) 100vw, 443px\" \/>e fantas\u00eda y 8 bandas show provenientes de los estados Zulia, Carabobo y Lara.<\/p>\n<p style=\"text-align: justify;\">En la tarima estuvieron presentes el gobernador Gerardo M\u00e1rquez, la primera combatiente Lcda. Reyna P\u00e9rez de M\u00e1rquez, autoridades regionales y otros invitados.<\/p>\n<p style=\"text-align: justify;\">Es importante destacar que estos eventos son organizados por el Gobierno Bolivariano de Trujillo y la Direcci\u00f3n Regional \u00abEl Ni\u00f1o Sim\u00f3n\u00bb.<\/p>\n<p>&nbsp;<\/p>\n<p>&nbsp;<\/p>\n<p style=\"text-align: justify;\">En este sentido, Maite Rivera, habitante del municipio Valera, mencion\u00f3 que los Carnavales 2025 han sido extraordinarios. Adem\u00e1s, expres\u00f3 su felicidad y agradeci\u00f3 al gobernador Gerardo M\u00e1rquez por est\u00e1s actividades.<\/p>\n<p>&nbsp;<\/p>\n<p><img loading=\"lazy\" decoding=\"async\" class=\"alignnone size-medium wp-image-42645\" src=\"https:\/\/ciudadtrujillo.com\/wp-content\/uploads\/2025\/03\/Screenshot_16-300x211.png\" alt=\"\" width=\"300\" height=\"211\" srcset=\"https:\/\/ciudadtrujillo.com\/wp-content\/uploads\/2025\/03\/Screenshot_16-300x211.png 300w, https:\/\/ciudadtrujillo.com\/wp-content\/uploads\/2025\/03\/Screenshot_16.png 587w\" sizes=\"auto, (max-width: 300px) 100vw, 300px\" \/>\u00a0<img loading=\"lazy\" decoding=\"async\" class=\"alignnone size-medium wp-image-42648\" src=\"https:\/\/ciudadtrujillo.com\/wp-content\/uploads\/2025\/03\/Screenshot_12-300x199.png\" alt=\"\" width=\"300\" height=\"199\" srcset=\"https:\/\/ciudadtrujillo.com\/wp-content\/uploads\/2025\/03\/Screenshot_12-300x199.png 300w, https:\/\/ciudadtrujillo.com\/wp-content\/uploads\/2025\/03\/Screenshot_12.png 581w\" sizes=\"auto, (max-width: 300px) 100vw, 300px\" \/>\u00a0<img loading=\"lazy\" decoding=\"async\" class=\"alignnone size-medium wp-image-42647\" src=\"https:\/\/ciudadtrujillo.com\/wp-content\/uploads\/2025\/03\/Screenshot_14-300x196.png\" alt=\"\" width=\"300\" height=\"196\" srcset=\"https:\/\/ciudadtrujillo.com\/wp-content\/uploads\/2025\/03\/Screenshot_14-300x196.png 300w, https:\/\/ciudadtrujillo.com\/wp-content\/uploads\/2025\/03\/Screenshot_14.png 575w\" sizes=\"auto, (max-width: 300px) 100vw, 300px\" \/><\/p>\n<p>&nbsp;<\/p>\n<p>&nbsp;<\/p>\n<h6>Gianella Graterol\/Gr\u00e1ficas: David V\u00e1squez<\/h6>\n","protected":false},"excerpt":{"rendered":"<p>Este s\u00e1bado, los trujillanos disfrutaron de un d\u00eda lleno de emoci\u00f3n, alegr\u00eda y mucho color en la Av. Bol\u00edvar de Valera, con el desfile de carrozas, trajes individuales de fantas\u00eda&hellip; <\/p>\n","protected":false},"author":7,"featured_media":42644,"comment_status":"closed","ping_status":"closed","sticky":false,"template":"","format":"standard","meta":{"footnotes":""},"categories":[40],"tags":[],"class_list":["post-42643","post","type-post","status-publish","format-standard","has-post-thumbnail","hentry","category-grantrujillo"],"_links":{"self":[{"href":"https:\/\/ciudadtrujillo.com\/index.php?rest_route=\/wp\/v2\/posts\/42643","targetHints":{"allow":["GET"]}}],"collection":[{"href":"https:\/\/ciudadtrujillo.com\/index.php?rest_route=\/wp\/v2\/posts"}],"about":[{"href":"https:\/\/ciudadtrujillo.com\/index.php?rest_route=\/wp\/v2\/types\/post"}],"author":[{"embeddable":true,"href":"https:\/\/ciudadtrujillo.com\/index.php?rest_route=\/wp\/v2\/users\/7"}],"replies":[{"embeddable":true,"href":"https:\/\/ciudadtrujillo.com\/index.php?rest_route=%2Fwp%2Fv2%2Fcomments&post=42643"}],"version-history":[{"count":2,"href":"https:\/\/ciudadtrujillo.com\/index.php?rest_route=\/wp\/v2\/posts\/42643\/revisions"}],"predecessor-version":[{"id":42651,"href":"https:\/\/ciudadtrujillo.com\/index.php?rest_route=\/wp\/v2\/posts\/42643\/revisions\/42651"}],"wp:featuredmedia":[{"embeddable":true,"href":"https:\/\/ciudadtrujillo.com\/index.php?rest_route=\/wp\/v2\/media\/42644"}],"wp:attachment":[{"href":"https:\/\/ciudadtrujillo.com\/index.php?rest_route=%2Fwp%2Fv2%2Fmedia&parent=42643"}],"wp:term":[{"taxonomy":"category","embeddable":true,"href":"https:\/\/ciudadtrujillo.com\/index.php?rest_route=%2Fwp%2Fv2%2Fcategories&post=42643"},{"taxonomy":"post_tag","embeddable":true,"href":"https:\/\/ciudadtrujillo.com\/index.php?rest_route=%2Fwp%2Fv2%2Ftags&post=42643"}],"curies":[{"name":"wp","href":"https:\/\/api.w.org\/{rel}","templated":true}]}}