{"id":42636,"date":"2025-02-28T20:59:35","date_gmt":"2025-03-01T00:59:35","guid":{"rendered":"https:\/\/ciudadtrujillo.com\/?p=42636"},"modified":"2025-03-04T19:51:28","modified_gmt":"2025-03-04T23:51:28","slug":"mas-de-3-500-artistas-brillaron-en-primer-desfile-de-comparsas-en-valera","status":"publish","type":"post","link":"https:\/\/ciudadtrujillo.com\/?p=42636","title":{"rendered":"Participaron cerca de 3.500 artistas en desfiles de carrozas y comparsas en la Ciudad de las Siete Colinas"},"content":{"rendered":"<p>Un derroche de color, alegr\u00eda y m\u00fasica se vivi\u00f3 este viernes y s\u00e1bado en los desfiles de comparsas, carrozas, trajes individuales de fantas\u00eda y bandas show, organizados por el Gobierno Bolivariano de Trujillo, en los cuales participaron m\u00e1s de 3 mil 500 artistas durante la actividad realizada en la Av. Bol\u00edvar del municipio Valera.<\/p>\n<p>La primera combatiente de Trujillo, Reyna P\u00e9rez de M\u00e1rquez, destac\u00f3 la participaci\u00f3n de ni\u00f1os y ni\u00f1as de diferentes instituciones educativas y escuelas de baile en este desfile.<\/p>\n<p>En la tarima estuvo presente el gobernador de la entidad, Gerardo M\u00e1rquez, acompa\u00f1ado de autoridades regionales y otros invitados.<\/p>\n<p>Cabe destacar que se presentaron bandas show de los estados Zulia, Carabobo y Lara.<\/p>\n<p>Adem\u00e1s, el viernes se vivi\u00f3 la Fiesta de Carnaval con la presentaci\u00f3n de artistas regionales, nacionales e internacionales, que colmaron de emoci\u00f3n y alegr\u00eda a los trujillanos y visitantes; y el d\u00eda s\u00e1bado los j\u00f3venes y adultos disfrutaron en la Guerra de DJ&#8217;s provenientes de Caracas y Trujillo.<\/p>\n<p><img loading=\"lazy\" decoding=\"async\" class=\"alignnone size-medium wp-image-42638\" src=\"https:\/\/ciudadtrujillo.com\/wp-content\/uploads\/2025\/02\/Screenshot_10-1-300x192.png\" alt=\"\" width=\"300\" height=\"192\" srcset=\"https:\/\/ciudadtrujillo.com\/wp-content\/uploads\/2025\/02\/Screenshot_10-1-300x192.png 300w, https:\/\/ciudadtrujillo.com\/wp-content\/uploads\/2025\/02\/Screenshot_10-1.png 575w\" sizes=\"auto, (max-width: 300px) 100vw, 300px\" \/> <img loading=\"lazy\" decoding=\"async\" class=\"alignnone size-medium wp-image-42639\" src=\"https:\/\/ciudadtrujillo.com\/wp-content\/uploads\/2025\/02\/Screenshot_9-1-300x188.png\" alt=\"\" width=\"300\" height=\"188\" srcset=\"https:\/\/ciudadtrujillo.com\/wp-content\/uploads\/2025\/02\/Screenshot_9-1-300x188.png 300w, https:\/\/ciudadtrujillo.com\/wp-content\/uploads\/2025\/02\/Screenshot_9-1.png 550w\" sizes=\"auto, (max-width: 300px) 100vw, 300px\" \/> <img loading=\"lazy\" decoding=\"async\" class=\"alignnone size-medium wp-image-42640\" src=\"https:\/\/ciudadtrujillo.com\/wp-content\/uploads\/2025\/02\/Screenshot_8-1-300x178.png\" alt=\"\" width=\"300\" height=\"178\" srcset=\"https:\/\/ciudadtrujillo.com\/wp-content\/uploads\/2025\/02\/Screenshot_8-1-300x178.png 300w, https:\/\/ciudadtrujillo.com\/wp-content\/uploads\/2025\/02\/Screenshot_8-1.png 587w\" sizes=\"auto, (max-width: 300px) 100vw, 300px\" \/><\/p>\n<h6>Ciudad Trujillo\/Gr\u00e1ficas: Samuel Torres \/ David V\u00e1squez<\/h6>\n","protected":false},"excerpt":{"rendered":"<p>Un derroche de color, alegr\u00eda y m\u00fasica se vivi\u00f3 este viernes y s\u00e1bado en los desfiles de comparsas, carrozas, trajes individuales de fantas\u00eda y bandas show, organizados por el Gobierno&hellip; <\/p>\n","protected":false},"author":7,"featured_media":42637,"comment_status":"closed","ping_status":"closed","sticky":false,"template":"","format":"standard","meta":{"footnotes":""},"categories":[40],"tags":[],"class_list":["post-42636","post","type-post","status-publish","format-standard","has-post-thumbnail","hentry","category-grantrujillo"],"_links":{"self":[{"href":"https:\/\/ciudadtrujillo.com\/index.php?rest_route=\/wp\/v2\/posts\/42636","targetHints":{"allow":["GET"]}}],"collection":[{"href":"https:\/\/ciudadtrujillo.com\/index.php?rest_route=\/wp\/v2\/posts"}],"about":[{"href":"https:\/\/ciudadtrujillo.com\/index.php?rest_route=\/wp\/v2\/types\/post"}],"author":[{"embeddable":true,"href":"https:\/\/ciudadtrujillo.com\/index.php?rest_route=\/wp\/v2\/users\/7"}],"replies":[{"embeddable":true,"href":"https:\/\/ciudadtrujillo.com\/index.php?rest_route=%2Fwp%2Fv2%2Fcomments&post=42636"}],"version-history":[{"count":3,"href":"https:\/\/ciudadtrujillo.com\/index.php?rest_route=\/wp\/v2\/posts\/42636\/revisions"}],"predecessor-version":[{"id":42682,"href":"https:\/\/ciudadtrujillo.com\/index.php?rest_route=\/wp\/v2\/posts\/42636\/revisions\/42682"}],"wp:featuredmedia":[{"embeddable":true,"href":"https:\/\/ciudadtrujillo.com\/index.php?rest_route=\/wp\/v2\/media\/42637"}],"wp:attachment":[{"href":"https:\/\/ciudadtrujillo.com\/index.php?rest_route=%2Fwp%2Fv2%2Fmedia&parent=42636"}],"wp:term":[{"taxonomy":"category","embeddable":true,"href":"https:\/\/ciudadtrujillo.com\/index.php?rest_route=%2Fwp%2Fv2%2Fcategories&post=42636"},{"taxonomy":"post_tag","embeddable":true,"href":"https:\/\/ciudadtrujillo.com\/index.php?rest_route=%2Fwp%2Fv2%2Ftags&post=42636"}],"curies":[{"name":"wp","href":"https:\/\/api.w.org\/{rel}","templated":true}]}}