{"id":42632,"date":"2025-02-27T20:51:18","date_gmt":"2025-02-28T00:51:18","guid":{"rendered":"https:\/\/ciudadtrujillo.com\/?p=42632"},"modified":"2025-02-27T20:51:18","modified_gmt":"2025-02-28T00:51:18","slug":"trujillanos-disfrutaran-de-los-carnavales-felices-2025-con-amplia-programacion","status":"publish","type":"post","link":"https:\/\/ciudadtrujillo.com\/?p=42632","title":{"rendered":"Trujillanos disfrutar\u00e1n de los Carnavales Felices 2025 con amplia programaci\u00f3n"},"content":{"rendered":"<p style=\"text-align: justify;\">Con una amplia programaci\u00f3n, cargada de sorpresas, brillo y color, los trujillanos disfrutar\u00e1n de los Carnavales Felices 2025, que inician hoy a partir de las 10 de la ma\u00f1ana con el desfile de comparsas en el municipio Valera, que contar\u00e1 con la participaci\u00f3n de bandas show de los estados Zulia, Carabobo y Lara, como parte de las actividades preparadas por el Gobierno Bolivariano de Trujillo y la Direcci\u00f3n Regional \u201cEl Ni\u00f1o Sim\u00f3n\u201d para la alegr\u00eda de las familias.<\/p>\n<p style=\"text-align: justify;\">Seguidamente, a las 7 pm se realizar\u00e1 por todo lo alto la Fiesta de Carnaval con la presentaci\u00f3n de artistas regionales, nacionales e internacionales, que llenar\u00e1n de emoci\u00f3n al pueblo.<\/p>\n<p style=\"text-align: justify;\">Para el s\u00e1bado 1 de marzo se tiene previsto el desfile de carrozas a las 10 de la ma\u00f1ana, con la participaci\u00f3n de bandas show de los estados Zulia, Carabobo y Lara y en horas de la noche se vivir\u00e1 la Guerra de DJ\u2019s provenientes de Caracas y Trujillo.<\/p>\n<p style=\"text-align: justify;\">El domingo est\u00e1n pautadas la feria agropecuaria, granja de contacto, Sound Cars, as\u00ed como la exhibici\u00f3n de la fuerza s\u00f3nica vehicular del estado.<\/p>\n<p style=\"text-align: justify;\">El lunes 3 de marzo se har\u00e1 la exhibici\u00f3n de mascotas con disfraces y, para cerrar con broche de oro, a las 3 pm iniciar\u00e1 la fiesta infantil de la Direcci\u00f3n Regional \u201cEl Ni\u00f1o Sim\u00f3n\u201d.<\/p>\n<p style=\"text-align: justify;\">De esta manera, tanto propios como visitantes gozar\u00e1n nuevamente de unas fiestas carnestolendas organizadas para el disfrute y compartir en familia.<\/p>\n<p>&nbsp;<\/p>\n<p>&nbsp;<\/p>\n<h6>Yarlenis Albarr\u00e1n<\/h6>\n","protected":false},"excerpt":{"rendered":"<p>Con una amplia programaci\u00f3n, cargada de sorpresas, brillo y color, los trujillanos disfrutar\u00e1n de los Carnavales Felices 2025, que inician hoy a partir de las 10 de la ma\u00f1ana con&hellip; <\/p>\n","protected":false},"author":7,"featured_media":42633,"comment_status":"closed","ping_status":"closed","sticky":false,"template":"","format":"standard","meta":{"footnotes":""},"categories":[52,40],"tags":[],"class_list":["post-42632","post","type-post","status-publish","format-standard","has-post-thumbnail","hentry","category-destacadas","category-grantrujillo"],"_links":{"self":[{"href":"https:\/\/ciudadtrujillo.com\/index.php?rest_route=\/wp\/v2\/posts\/42632","targetHints":{"allow":["GET"]}}],"collection":[{"href":"https:\/\/ciudadtrujillo.com\/index.php?rest_route=\/wp\/v2\/posts"}],"about":[{"href":"https:\/\/ciudadtrujillo.com\/index.php?rest_route=\/wp\/v2\/types\/post"}],"author":[{"embeddable":true,"href":"https:\/\/ciudadtrujillo.com\/index.php?rest_route=\/wp\/v2\/users\/7"}],"replies":[{"embeddable":true,"href":"https:\/\/ciudadtrujillo.com\/index.php?rest_route=%2Fwp%2Fv2%2Fcomments&post=42632"}],"version-history":[{"count":1,"href":"https:\/\/ciudadtrujillo.com\/index.php?rest_route=\/wp\/v2\/posts\/42632\/revisions"}],"predecessor-version":[{"id":42634,"href":"https:\/\/ciudadtrujillo.com\/index.php?rest_route=\/wp\/v2\/posts\/42632\/revisions\/42634"}],"wp:featuredmedia":[{"embeddable":true,"href":"https:\/\/ciudadtrujillo.com\/index.php?rest_route=\/wp\/v2\/media\/42633"}],"wp:attachment":[{"href":"https:\/\/ciudadtrujillo.com\/index.php?rest_route=%2Fwp%2Fv2%2Fmedia&parent=42632"}],"wp:term":[{"taxonomy":"category","embeddable":true,"href":"https:\/\/ciudadtrujillo.com\/index.php?rest_route=%2Fwp%2Fv2%2Fcategories&post=42632"},{"taxonomy":"post_tag","embeddable":true,"href":"https:\/\/ciudadtrujillo.com\/index.php?rest_route=%2Fwp%2Fv2%2Ftags&post=42632"}],"curies":[{"name":"wp","href":"https:\/\/api.w.org\/{rel}","templated":true}]}}