{"id":42623,"date":"2025-02-27T20:25:09","date_gmt":"2025-02-28T00:25:09","guid":{"rendered":"https:\/\/ciudadtrujillo.com\/?p=42623"},"modified":"2025-02-27T20:25:09","modified_gmt":"2025-02-28T00:25:09","slug":"atendidas-114-864-familias-con-jornadas-de-gas-comunal-en-febrero","status":"publish","type":"post","link":"https:\/\/ciudadtrujillo.com\/?p=42623","title":{"rendered":"Atendidas 114.864 familias con jornadas de Gas Comunal en febrero"},"content":{"rendered":"<p style=\"text-align: justify;\">Empe\u00f1ados en mantener la atenci\u00f3n al pueblo, a trav\u00e9s de las jornadas de Gas Comunal se garantiz\u00f3 el servicio a 114.864 familias trujillanas durante el mes de febrero con los despliegues en las comunidades, gracias al apoyo del Presidente Nicol\u00e1s Maduro y el gobernador Gerardo M\u00e1rquez.<\/p>\n<p style=\"text-align: justify;\">Con los abordajes fueron surtidos y distribuidos 90.962 cilindros, adem\u00e1s 831.311 litros de GLP se despacharon con el servicio a granel, lo que se traduce en 4.251.887 litros de GLP destinados a favorecer al pueblo.<\/p>\n<p style=\"text-align: justify;\">Durante el mes se recibieron 102 cisternas de las fuentes de suministro, lo que permiti\u00f3 realizar despliegues en 16 municipios: Bocon\u00f3, Bol\u00edvar, Candelaria, Escuque, Campo El\u00edas, Miranda, Monte Carmelo, Motat\u00e1n, Pamp\u00e1n, Rafael Rangel, San Rafael de Carvajal, Sucre, Trujillo, Urdaneta y Valera, adem\u00e1s de Miranda (M\u00e9rida), esto gracias al trabajo articulado con 512 CLAP.<\/p>\n<p style=\"text-align: justify;\">Cabe destacar que, siguiendo orientaciones del mandatario regional, contin\u00faa el Plan Especial de Saturaci\u00f3n de Gas con planta m\u00f3vil nacional en el municipio Bocon\u00f3, asimismo avanza la atenci\u00f3n con la planta m\u00f3vil de Trujillo Gas Comunal en Urdaneta.<\/p>\n<p style=\"text-align: justify;\">\nLa fuerza gas\u00edfera del estado Trujillo se mantiene al servicio del pueblo, honrando el compromiso revolucionario con la atenci\u00f3n a las familias.<\/p>\n<p>&nbsp;<\/p>\n<p>&nbsp;<\/p>\n<h6>Prensa Trujillo Gas Comunal\/ Yarlenis Albarr\u00e1n<\/h6>\n","protected":false},"excerpt":{"rendered":"<p>Empe\u00f1ados en mantener la atenci\u00f3n al pueblo, a trav\u00e9s de las jornadas de Gas Comunal se garantiz\u00f3 el servicio a 114.864 familias trujillanas durante el mes de febrero con los&hellip; <\/p>\n","protected":false},"author":7,"featured_media":42624,"comment_status":"closed","ping_status":"closed","sticky":false,"template":"","format":"standard","meta":{"footnotes":""},"categories":[40],"tags":[],"class_list":["post-42623","post","type-post","status-publish","format-standard","has-post-thumbnail","hentry","category-grantrujillo"],"_links":{"self":[{"href":"https:\/\/ciudadtrujillo.com\/index.php?rest_route=\/wp\/v2\/posts\/42623","targetHints":{"allow":["GET"]}}],"collection":[{"href":"https:\/\/ciudadtrujillo.com\/index.php?rest_route=\/wp\/v2\/posts"}],"about":[{"href":"https:\/\/ciudadtrujillo.com\/index.php?rest_route=\/wp\/v2\/types\/post"}],"author":[{"embeddable":true,"href":"https:\/\/ciudadtrujillo.com\/index.php?rest_route=\/wp\/v2\/users\/7"}],"replies":[{"embeddable":true,"href":"https:\/\/ciudadtrujillo.com\/index.php?rest_route=%2Fwp%2Fv2%2Fcomments&post=42623"}],"version-history":[{"count":1,"href":"https:\/\/ciudadtrujillo.com\/index.php?rest_route=\/wp\/v2\/posts\/42623\/revisions"}],"predecessor-version":[{"id":42625,"href":"https:\/\/ciudadtrujillo.com\/index.php?rest_route=\/wp\/v2\/posts\/42623\/revisions\/42625"}],"wp:featuredmedia":[{"embeddable":true,"href":"https:\/\/ciudadtrujillo.com\/index.php?rest_route=\/wp\/v2\/media\/42624"}],"wp:attachment":[{"href":"https:\/\/ciudadtrujillo.com\/index.php?rest_route=%2Fwp%2Fv2%2Fmedia&parent=42623"}],"wp:term":[{"taxonomy":"category","embeddable":true,"href":"https:\/\/ciudadtrujillo.com\/index.php?rest_route=%2Fwp%2Fv2%2Fcategories&post=42623"},{"taxonomy":"post_tag","embeddable":true,"href":"https:\/\/ciudadtrujillo.com\/index.php?rest_route=%2Fwp%2Fv2%2Ftags&post=42623"}],"curies":[{"name":"wp","href":"https:\/\/api.w.org\/{rel}","templated":true}]}}