{"id":42620,"date":"2025-02-27T20:23:00","date_gmt":"2025-02-28T00:23:00","guid":{"rendered":"https:\/\/ciudadtrujillo.com\/?p=42620"},"modified":"2025-02-27T20:23:00","modified_gmt":"2025-02-28T00:23:00","slug":"gobierno-regional-colocara-mas-de-30-mil-tn-de-asfalto-en-tramo-el-cruce-bocono","status":"publish","type":"post","link":"https:\/\/ciudadtrujillo.com\/?p=42620","title":{"rendered":"Gobierno regional colocar\u00e1 m\u00e1s de 30 mil TN de asfalto en tramo El Cruce &#8211; Bocon\u00f3"},"content":{"rendered":"<p style=\"text-align: justify;\">Como parte del abordaje integral en el tramo El Cruce &#8211; Bocon\u00f3, orientado por el gobernador Gerardo M\u00e1rquez, avanzan los trabajos en el marco de los proyectos de vialidad del gobierno regional que comprende la colocaci\u00f3n de m\u00e1s de 30 mil toneladas de mezcla asf\u00e1ltica.<\/p>\n<p style=\"text-align: justify;\">Cabe destacar que las labores se desempe\u00f1an a trav\u00e9s de la Empresa del Asfalto del estado Trujillo, en aras de ofrecer v\u00edas en \u00f3ptimas condiciones a los habitantes y productores que transportan sus cosechas por esta importante v\u00eda.<\/p>\n<p style=\"text-align: justify;\">Entre los trabajos que se ejecutan se mantiene la colocaci\u00f3n de asfalto en carpeta corrida y bacheo, asimismo se realizar\u00e1 la limpieza, demarcaci\u00f3n y colocaci\u00f3n de tachas reflectivas.<\/p>\n<p>&nbsp;<\/p>\n<p>&nbsp;<\/p>\n<h6>Rossiel Hurtado\/Gr\u00e1ficas: David V\u00e1squez<\/h6>\n","protected":false},"excerpt":{"rendered":"<p>Como parte del abordaje integral en el tramo El Cruce &#8211; Bocon\u00f3, orientado por el gobernador Gerardo M\u00e1rquez, avanzan los trabajos en el marco de los proyectos de vialidad del&hellip; <\/p>\n","protected":false},"author":7,"featured_media":42621,"comment_status":"closed","ping_status":"closed","sticky":false,"template":"","format":"standard","meta":{"footnotes":""},"categories":[40],"tags":[],"class_list":["post-42620","post","type-post","status-publish","format-standard","has-post-thumbnail","hentry","category-grantrujillo"],"_links":{"self":[{"href":"https:\/\/ciudadtrujillo.com\/index.php?rest_route=\/wp\/v2\/posts\/42620","targetHints":{"allow":["GET"]}}],"collection":[{"href":"https:\/\/ciudadtrujillo.com\/index.php?rest_route=\/wp\/v2\/posts"}],"about":[{"href":"https:\/\/ciudadtrujillo.com\/index.php?rest_route=\/wp\/v2\/types\/post"}],"author":[{"embeddable":true,"href":"https:\/\/ciudadtrujillo.com\/index.php?rest_route=\/wp\/v2\/users\/7"}],"replies":[{"embeddable":true,"href":"https:\/\/ciudadtrujillo.com\/index.php?rest_route=%2Fwp%2Fv2%2Fcomments&post=42620"}],"version-history":[{"count":1,"href":"https:\/\/ciudadtrujillo.com\/index.php?rest_route=\/wp\/v2\/posts\/42620\/revisions"}],"predecessor-version":[{"id":42622,"href":"https:\/\/ciudadtrujillo.com\/index.php?rest_route=\/wp\/v2\/posts\/42620\/revisions\/42622"}],"wp:featuredmedia":[{"embeddable":true,"href":"https:\/\/ciudadtrujillo.com\/index.php?rest_route=\/wp\/v2\/media\/42621"}],"wp:attachment":[{"href":"https:\/\/ciudadtrujillo.com\/index.php?rest_route=%2Fwp%2Fv2%2Fmedia&parent=42620"}],"wp:term":[{"taxonomy":"category","embeddable":true,"href":"https:\/\/ciudadtrujillo.com\/index.php?rest_route=%2Fwp%2Fv2%2Fcategories&post=42620"},{"taxonomy":"post_tag","embeddable":true,"href":"https:\/\/ciudadtrujillo.com\/index.php?rest_route=%2Fwp%2Fv2%2Ftags&post=42620"}],"curies":[{"name":"wp","href":"https:\/\/api.w.org\/{rel}","templated":true}]}}