{"id":42617,"date":"2025-02-27T20:18:38","date_gmt":"2025-02-28T00:18:38","guid":{"rendered":"https:\/\/ciudadtrujillo.com\/?p=42617"},"modified":"2025-02-27T20:18:39","modified_gmt":"2025-02-28T00:18:39","slug":"expoferia-agricola-mostrara-potencialidades-de-la-entidad","status":"publish","type":"post","link":"https:\/\/ciudadtrujillo.com\/?p=42617","title":{"rendered":"Expoferia Agr\u00edcola mostrar\u00e1 potencialidades de la entidad"},"content":{"rendered":"<p style=\"text-align: justify;\">El pr\u00f3ximo 2 de marzo los emprendedores y productores del estado Trujillo tomar\u00e1n la avenida Bol\u00edvar del municipio Valera con la muestra de las grandes potencialidades que posee la entidad.<\/p>\n<p style=\"text-align: justify;\">Los trujillanos disfrutar\u00e1n de la presentaci\u00f3n agroproductiva con los diferentes stand que ser\u00e1n exhibidos entre las calles 7 y 15 de esta avenida.<\/p>\n<p style=\"text-align: justify;\">Dicha actividad se efectuar\u00e1 como parte de la programaci\u00f3n del gobierno regional, liderado por el My. Gerardo M\u00e1rquez, en el marco de los Carnavales 2025.<\/p>\n<p style=\"text-align: justify;\">Cabe destacar que este evento es organizado a trav\u00e9s de la Secretar\u00eda de Desarrollo Econ\u00f3mico de la gobernaci\u00f3n del estado, una exposici\u00f3n para el disfrute de propios y visitantes.<\/p>\n<p>&nbsp;<\/p>\n<p>&nbsp;<\/p>\n<h6>Prensa Desarrollo Agroecol\u00f3gico<\/h6>\n","protected":false},"excerpt":{"rendered":"<p>El pr\u00f3ximo 2 de marzo los emprendedores y productores del estado Trujillo tomar\u00e1n la avenida Bol\u00edvar del municipio Valera con la muestra de las grandes potencialidades que posee la entidad.&hellip; <\/p>\n","protected":false},"author":7,"featured_media":42618,"comment_status":"closed","ping_status":"closed","sticky":false,"template":"","format":"standard","meta":{"footnotes":""},"categories":[40],"tags":[],"class_list":["post-42617","post","type-post","status-publish","format-standard","has-post-thumbnail","hentry","category-grantrujillo"],"_links":{"self":[{"href":"https:\/\/ciudadtrujillo.com\/index.php?rest_route=\/wp\/v2\/posts\/42617","targetHints":{"allow":["GET"]}}],"collection":[{"href":"https:\/\/ciudadtrujillo.com\/index.php?rest_route=\/wp\/v2\/posts"}],"about":[{"href":"https:\/\/ciudadtrujillo.com\/index.php?rest_route=\/wp\/v2\/types\/post"}],"author":[{"embeddable":true,"href":"https:\/\/ciudadtrujillo.com\/index.php?rest_route=\/wp\/v2\/users\/7"}],"replies":[{"embeddable":true,"href":"https:\/\/ciudadtrujillo.com\/index.php?rest_route=%2Fwp%2Fv2%2Fcomments&post=42617"}],"version-history":[{"count":1,"href":"https:\/\/ciudadtrujillo.com\/index.php?rest_route=\/wp\/v2\/posts\/42617\/revisions"}],"predecessor-version":[{"id":42619,"href":"https:\/\/ciudadtrujillo.com\/index.php?rest_route=\/wp\/v2\/posts\/42617\/revisions\/42619"}],"wp:featuredmedia":[{"embeddable":true,"href":"https:\/\/ciudadtrujillo.com\/index.php?rest_route=\/wp\/v2\/media\/42618"}],"wp:attachment":[{"href":"https:\/\/ciudadtrujillo.com\/index.php?rest_route=%2Fwp%2Fv2%2Fmedia&parent=42617"}],"wp:term":[{"taxonomy":"category","embeddable":true,"href":"https:\/\/ciudadtrujillo.com\/index.php?rest_route=%2Fwp%2Fv2%2Fcategories&post=42617"},{"taxonomy":"post_tag","embeddable":true,"href":"https:\/\/ciudadtrujillo.com\/index.php?rest_route=%2Fwp%2Fv2%2Ftags&post=42617"}],"curies":[{"name":"wp","href":"https:\/\/api.w.org\/{rel}","templated":true}]}}