{"id":42608,"date":"2025-02-27T20:09:23","date_gmt":"2025-02-28T00:09:23","guid":{"rendered":"https:\/\/ciudadtrujillo.com\/?p=42608"},"modified":"2025-02-27T20:09:23","modified_gmt":"2025-02-28T00:09:23","slug":"reliquia-de-jose-gregorio-hernandez-reposara-en-el-panteon-nacional","status":"publish","type":"post","link":"https:\/\/ciudadtrujillo.com\/?p=42608","title":{"rendered":"Reliquia de Jos\u00e9 Gregorio Hern\u00e1ndez reposar\u00e1 en el Pante\u00f3n Nacional"},"content":{"rendered":"<p style=\"text-align: justify;\">La Asamblea Nacional aprob\u00f3 por unanimidad el Proyecto de Acuerdo en ocasi\u00f3n a la firma del decreto de Canonizaci\u00f3n del Dr. Jos\u00e9 Gregorio Hern\u00e1ndez como primer santo venezolano, luego de la firma del decreto y autorizaci\u00f3n por parte del Papa Francisco, el 25 de febrero.<\/p>\n<p style=\"text-align: justify;\">Al proyecto de acuerdo le ser\u00e1 incorporada la propuesta del diputado Jos\u00e9 Gregorio Correa de llevar una reliquia de Jos\u00e9 Gregorio Hern\u00e1ndez al Pante\u00f3n Nacional, la cual fue avalada por el presidente de la Asamblea Nacional, Jorge Rodr\u00edguez<\/p>\n<p style=\"text-align: justify;\">\u201cAvalo la propuesta del diputado Correa de que una reliquia del Santo de los pobres repose junto a los h\u00e9roes de la Patria, y solicito se incorpore en el proyecto de acuerdo\u201d, dijo Rodr\u00edguez.<\/p>\n<p style=\"text-align: justify;\">\u201cNo hay un hogar que no tenga un testimonio, no hay un hogar que no haya elevado un oraci\u00f3n en un momento de dificultad y sobre todo en un momento de afecciones de salud\u201d, manifest\u00f3.<\/p>\n<p style=\"text-align: justify;\">El presidente del parlamento destac\u00f3 que Jos\u00e9 Gregorio Hern\u00e1ndez fue el fundador de la c\u00e1tedra de Bacteriolog\u00eda y Fisiolog\u00eda Experimental de la Universidad Central de Venezuela, la primera en Am\u00e9rica Latina; y quien introdujo el uso del microscopio por primera vez en la regi\u00f3n.<\/p>\n<h3 style=\"text-align: justify;\">Asimismo, destac\u00f3 que adem\u00e1s de cient\u00edfico, fue un poeta.<\/h3>\n<p style=\"text-align: justify;\"><strong>D\u00eda de j\u00fabilo<\/strong><br \/>\nEl proyecto de acuerdo, que fue presentado previamente por el diputado Nicol\u00e1s Maduro Guerra, plantea declarar como d\u00eda de j\u00fabilo nacional la fecha que indique el consistorio papal para canonizar y santificar al \u201cm\u00e9dico de los pobres\u201d.<\/p>\n<p style=\"text-align: justify;\">Por su parte, el diputado Jos\u00e9 Gregorio Correa, propuso llevar al Pante\u00f3n Nacional una reliquia del doctor Jos\u00e9 Gregorio Hern\u00e1ndez, \u201cpor haber sido el primer venezolano en alistarse espont\u00e1neamente para combatir una invasi\u00f3n en Venezuela\u201d, durante el gobierno de Cipriano Castro ante el bloqueo impuesto por potencias extranjeras.<\/p>\n<p style=\"text-align: justify;\">Asimismo, Correa propuso levantar un gran monumento en el pa\u00eds en homenaje al santo venezolano \u201cpara poder ir a agradecerle todos los favores concedidos a lo largo de la historia\u201d.<\/p>\n<p>&nbsp;<\/p>\n<p>&nbsp;<\/p>\n<h6>\u00daltimas Noticias<\/h6>\n","protected":false},"excerpt":{"rendered":"<p>La Asamblea Nacional aprob\u00f3 por unanimidad el Proyecto de Acuerdo en ocasi\u00f3n a la firma del decreto de Canonizaci\u00f3n del Dr. Jos\u00e9 Gregorio Hern\u00e1ndez como primer santo venezolano, luego de&hellip; <\/p>\n","protected":false},"author":7,"featured_media":42609,"comment_status":"closed","ping_status":"closed","sticky":false,"template":"","format":"standard","meta":{"footnotes":""},"categories":[41],"tags":[],"class_list":["post-42608","post","type-post","status-publish","format-standard","has-post-thumbnail","hentry","category-pais"],"_links":{"self":[{"href":"https:\/\/ciudadtrujillo.com\/index.php?rest_route=\/wp\/v2\/posts\/42608","targetHints":{"allow":["GET"]}}],"collection":[{"href":"https:\/\/ciudadtrujillo.com\/index.php?rest_route=\/wp\/v2\/posts"}],"about":[{"href":"https:\/\/ciudadtrujillo.com\/index.php?rest_route=\/wp\/v2\/types\/post"}],"author":[{"embeddable":true,"href":"https:\/\/ciudadtrujillo.com\/index.php?rest_route=\/wp\/v2\/users\/7"}],"replies":[{"embeddable":true,"href":"https:\/\/ciudadtrujillo.com\/index.php?rest_route=%2Fwp%2Fv2%2Fcomments&post=42608"}],"version-history":[{"count":1,"href":"https:\/\/ciudadtrujillo.com\/index.php?rest_route=\/wp\/v2\/posts\/42608\/revisions"}],"predecessor-version":[{"id":42610,"href":"https:\/\/ciudadtrujillo.com\/index.php?rest_route=\/wp\/v2\/posts\/42608\/revisions\/42610"}],"wp:featuredmedia":[{"embeddable":true,"href":"https:\/\/ciudadtrujillo.com\/index.php?rest_route=\/wp\/v2\/media\/42609"}],"wp:attachment":[{"href":"https:\/\/ciudadtrujillo.com\/index.php?rest_route=%2Fwp%2Fv2%2Fmedia&parent=42608"}],"wp:term":[{"taxonomy":"category","embeddable":true,"href":"https:\/\/ciudadtrujillo.com\/index.php?rest_route=%2Fwp%2Fv2%2Fcategories&post=42608"},{"taxonomy":"post_tag","embeddable":true,"href":"https:\/\/ciudadtrujillo.com\/index.php?rest_route=%2Fwp%2Fv2%2Ftags&post=42608"}],"curies":[{"name":"wp","href":"https:\/\/api.w.org\/{rel}","templated":true}]}}