{"id":42598,"date":"2025-02-27T00:02:07","date_gmt":"2025-02-27T04:02:07","guid":{"rendered":"https:\/\/ciudadtrujillo.com\/?p=42598"},"modified":"2025-02-27T00:02:07","modified_gmt":"2025-02-27T04:02:07","slug":"con-un-derroche-de-color-y-emocion-se-vivio-la-eleccion-de-la-reina-de-carnaval-2025","status":"publish","type":"post","link":"https:\/\/ciudadtrujillo.com\/?p=42598","title":{"rendered":"Con un derroche de color y emoci\u00f3n se vivi\u00f3 la elecci\u00f3n de la reina de carnaval 2025"},"content":{"rendered":"<p style=\"text-align: justify;\">Con alegr\u00eda, emoci\u00f3n y un derroche de color se llev\u00f3 a cabo la Elecci\u00f3n de la Reina de los Carnavales 2025, un evento organizado por la Direcci\u00f3n Regional \u00abEl Ni\u00f1o Sim\u00f3n\u00bb Trujillo y el Gobierno regional, el cual deslumbr\u00f3 en el Foro Bolivariano de Valera, lugar propicio para la puesta en escena de este espect\u00e1culo infantil.<\/p>\n<p style=\"text-align: justify;\">Durante la presentaci\u00f3n las candidatas se adue\u00f1aron del escenario con su carisma, encanto y desenvolvimiento al momento de mostrar su talento al jurado calificador, en la que la representante del municipio Bocon\u00f3, Kreshly Brice\u00f1o, conquist\u00f3 la corona m\u00e1s preciada de la noche, seguida de la ni\u00f1a Franyerlis Albornoz en representaci\u00f3n de La Ceiba, fue elegida como la Reina de la Direcci\u00f3n Regional \u201cEl Ni\u00f1o Sim\u00f3n\u201d Trujillo.<\/p>\n<p style=\"text-align: justify;\">En este sentido, la responsable de la direcci\u00f3n antes mencionada, Lcda. Reyna P\u00e9rez de M\u00e1rquez, destac\u00f3 que las ni\u00f1as se desenvolvieron todas como unas reinas, adem\u00e1s subray\u00f3 que los \u00abCarnavales 2025 tiene su reina lista para todas las actividades que se estar\u00e1n desarrollando a partir del viernes\u00bb .<\/p>\n<p style=\"text-align: justify;\">El evento estuvo amenizado por bailes hicieron vibrar a todos los presentes, acompa\u00f1ados por la participaci\u00f3n del cantante meride\u00f1o,Roberto Gonz\u00e1lez, conocido como \u00abEl Pr\u00edncipe de la Guaracha\u00bb y el cantante trujillano, Carlos Portillo, quienes animaron la fiesta con su m\u00fasica contagiosa.<\/p>\n<p style=\"text-align: justify;\">Cabe mencionar que, durante el evento, cada una de las candidatas ofreci\u00f3 un mensaje sobre el uso adecuado de la tecnolog\u00eda en la actualidad.<\/p>\n<p>&nbsp;<\/p>\n<p>&nbsp;<\/p>\n<h6>Gianella Graterol\/Gr\u00e1ficas: David V\u00e1squez\/ Felix Marit\u00edn<\/h6>\n","protected":false},"excerpt":{"rendered":"<p>Con alegr\u00eda, emoci\u00f3n y un derroche de color se llev\u00f3 a cabo la Elecci\u00f3n de la Reina de los Carnavales 2025, un evento organizado por la Direcci\u00f3n Regional \u00abEl Ni\u00f1o&hellip; <\/p>\n","protected":false},"author":7,"featured_media":42599,"comment_status":"closed","ping_status":"closed","sticky":false,"template":"","format":"standard","meta":{"footnotes":""},"categories":[40],"tags":[],"class_list":["post-42598","post","type-post","status-publish","format-standard","has-post-thumbnail","hentry","category-grantrujillo"],"_links":{"self":[{"href":"https:\/\/ciudadtrujillo.com\/index.php?rest_route=\/wp\/v2\/posts\/42598","targetHints":{"allow":["GET"]}}],"collection":[{"href":"https:\/\/ciudadtrujillo.com\/index.php?rest_route=\/wp\/v2\/posts"}],"about":[{"href":"https:\/\/ciudadtrujillo.com\/index.php?rest_route=\/wp\/v2\/types\/post"}],"author":[{"embeddable":true,"href":"https:\/\/ciudadtrujillo.com\/index.php?rest_route=\/wp\/v2\/users\/7"}],"replies":[{"embeddable":true,"href":"https:\/\/ciudadtrujillo.com\/index.php?rest_route=%2Fwp%2Fv2%2Fcomments&post=42598"}],"version-history":[{"count":1,"href":"https:\/\/ciudadtrujillo.com\/index.php?rest_route=\/wp\/v2\/posts\/42598\/revisions"}],"predecessor-version":[{"id":42600,"href":"https:\/\/ciudadtrujillo.com\/index.php?rest_route=\/wp\/v2\/posts\/42598\/revisions\/42600"}],"wp:featuredmedia":[{"embeddable":true,"href":"https:\/\/ciudadtrujillo.com\/index.php?rest_route=\/wp\/v2\/media\/42599"}],"wp:attachment":[{"href":"https:\/\/ciudadtrujillo.com\/index.php?rest_route=%2Fwp%2Fv2%2Fmedia&parent=42598"}],"wp:term":[{"taxonomy":"category","embeddable":true,"href":"https:\/\/ciudadtrujillo.com\/index.php?rest_route=%2Fwp%2Fv2%2Fcategories&post=42598"},{"taxonomy":"post_tag","embeddable":true,"href":"https:\/\/ciudadtrujillo.com\/index.php?rest_route=%2Fwp%2Fv2%2Ftags&post=42598"}],"curies":[{"name":"wp","href":"https:\/\/api.w.org\/{rel}","templated":true}]}}