{"id":42536,"date":"2025-02-24T20:44:08","date_gmt":"2025-02-25T00:44:08","guid":{"rendered":"https:\/\/ciudadtrujillo.com\/?p=42536"},"modified":"2025-02-24T20:44:08","modified_gmt":"2025-02-25T00:44:08","slug":"sustituyen-500-m%c2%b2-de-manto-asfaltico-en-la-escuela-eloisa-fonseca","status":"publish","type":"post","link":"https:\/\/ciudadtrujillo.com\/?p=42536","title":{"rendered":"Sustituyen 500 m\u00b2 de manto asf\u00e1ltico en la Escuela Elo\u00edsa Fonseca"},"content":{"rendered":"<p style=\"text-align: justify;\">En el marco de las orientaciones del Gobierno Bolivariano en articulaci\u00f3n con las Bricomiles, as\u00ed como las instituciones nacionales y regionales, se ha llevado a cabo la sustituci\u00f3n y colocaci\u00f3n del manto asf\u00e1ltico de un \u00e1rea aproximada de 500m\u00b2 en la Escuela Elo\u00edsa Fonseca, ubicada en la parroquia Juan Ignacio Montilla del municipio Valera.<\/p>\n<p style=\"text-align: justify;\">La Autoridad \u00danica de Educaci\u00f3n en la entidad, MSc. Alexis Brice\u00f1o, destac\u00f3: \u00abEste gran esfuerzo demuestra el compromiso que tenemos con nuestras instituciones educativas. Nuestro objetivo es mejorar y fortalecer la infraestructura escolar\u00bb.<\/p>\n<p style=\"text-align: justify;\">Cabe destacar que, con la sustituci\u00f3n y colocaci\u00f3n del manto asf\u00e1ltico, se ver\u00e1n favorecidos 538 estudiantes, demostrando con esta acci\u00f3n el compromiso del gobierno regional y nacional con la mejora de las infraestructuras educativas.<\/p>\n<p>&nbsp;<\/p>\n<p>&nbsp;<\/p>\n<h6>Prensa Educaci\u00f3n<\/h6>\n","protected":false},"excerpt":{"rendered":"<p>En el marco de las orientaciones del Gobierno Bolivariano en articulaci\u00f3n con las Bricomiles, as\u00ed como las instituciones nacionales y regionales, se ha llevado a cabo la sustituci\u00f3n y colocaci\u00f3n&hellip; <\/p>\n","protected":false},"author":7,"featured_media":42537,"comment_status":"closed","ping_status":"closed","sticky":false,"template":"","format":"standard","meta":{"footnotes":""},"categories":[40],"tags":[],"class_list":["post-42536","post","type-post","status-publish","format-standard","has-post-thumbnail","hentry","category-grantrujillo"],"_links":{"self":[{"href":"https:\/\/ciudadtrujillo.com\/index.php?rest_route=\/wp\/v2\/posts\/42536","targetHints":{"allow":["GET"]}}],"collection":[{"href":"https:\/\/ciudadtrujillo.com\/index.php?rest_route=\/wp\/v2\/posts"}],"about":[{"href":"https:\/\/ciudadtrujillo.com\/index.php?rest_route=\/wp\/v2\/types\/post"}],"author":[{"embeddable":true,"href":"https:\/\/ciudadtrujillo.com\/index.php?rest_route=\/wp\/v2\/users\/7"}],"replies":[{"embeddable":true,"href":"https:\/\/ciudadtrujillo.com\/index.php?rest_route=%2Fwp%2Fv2%2Fcomments&post=42536"}],"version-history":[{"count":1,"href":"https:\/\/ciudadtrujillo.com\/index.php?rest_route=\/wp\/v2\/posts\/42536\/revisions"}],"predecessor-version":[{"id":42538,"href":"https:\/\/ciudadtrujillo.com\/index.php?rest_route=\/wp\/v2\/posts\/42536\/revisions\/42538"}],"wp:featuredmedia":[{"embeddable":true,"href":"https:\/\/ciudadtrujillo.com\/index.php?rest_route=\/wp\/v2\/media\/42537"}],"wp:attachment":[{"href":"https:\/\/ciudadtrujillo.com\/index.php?rest_route=%2Fwp%2Fv2%2Fmedia&parent=42536"}],"wp:term":[{"taxonomy":"category","embeddable":true,"href":"https:\/\/ciudadtrujillo.com\/index.php?rest_route=%2Fwp%2Fv2%2Fcategories&post=42536"},{"taxonomy":"post_tag","embeddable":true,"href":"https:\/\/ciudadtrujillo.com\/index.php?rest_route=%2Fwp%2Fv2%2Ftags&post=42536"}],"curies":[{"name":"wp","href":"https:\/\/api.w.org\/{rel}","templated":true}]}}