{"id":42530,"date":"2025-02-24T20:40:04","date_gmt":"2025-02-25T00:40:04","guid":{"rendered":"https:\/\/ciudadtrujillo.com\/?p=42530"},"modified":"2025-02-24T20:40:04","modified_gmt":"2025-02-25T00:40:04","slug":"trump-anuncia-serias-conversaciones-con-putin-sobre-futuro-de-ucrania-y-economia","status":"publish","type":"post","link":"https:\/\/ciudadtrujillo.com\/?p=42530","title":{"rendered":"Trump anuncia \u00abserias conversaciones con Putin\u00bb sobre futuro de Ucrania y econom\u00eda"},"content":{"rendered":"<p style=\"text-align: justify;\">El presidente de Estados Unidos (EE. UU.), Donald Trump, anunci\u00f3 este lunes en sus redes sociales que mantiene conversaciones con Rusia sobre futuras transacciones de desarrollo econ\u00f3mico, as\u00ed como las negociaciones para poner t\u00e9rmino a la guerra con Ucrania.<\/p>\n<p style=\"text-align: justify;\">\u00abEstoy en serias discusiones con el presidente Vlad\u00edmir Putin, de Rusia, sobre el fin de la guerra y, tambi\u00e9n, sobre importantes transacciones de desarrollo econ\u00f3mico que tendr\u00e1n lugar entre Estados Unidos y Rusia. Las conversaciones avanzan muy bien\u00bb, escribi\u00f3 el mandatario en su red Truth Social.<\/p>\n<p style=\"text-align: justify;\">El presidente de la naci\u00f3n euroasi\u00e1tica, Vlad\u00edmir Putin, declar\u00f3 anteriormente que le \u00abencantar\u00eda\u00bb reunirse con Trump. El l\u00edder ruso dijo que, aunque no tienen \u00abuna relaci\u00f3n cercana\u00bb con el presidente estadounidense, en los a\u00f1os anteriores, durante el primer mandato de Trump, se reun\u00edan y \u00abde forma muy estable\u00bb discut\u00edan las relaciones entre los dos Estados.<\/p>\n<p style=\"text-align: justify;\">Adem\u00e1s, el mandatario indic\u00f3 que valora positivamente el resultado de las conversaciones entre Mosc\u00fa y Washington que tuvieron lugar en Riad, Arabia Saudita. Estos hechos, junto con la conversaci\u00f3n telef\u00f3nica entre los dirigentes que tuvo lugar este mes, marcan un desarrollo notable entre los dos pa\u00edses tras la llegada al poder de Donald Trump, quien afirma que el conflicto ucraniano no es culpa de Rusia, sino del expresidente Joe Biden y el actual mandatario ucraniano, Volod\u00edmir Zelenski, a quien calific\u00f3 de \u00abdictador\u00bb.<\/p>\n<p>&nbsp;<\/p>\n<p>&nbsp;<\/p>\n<h6>\u00a0VTV<\/h6>\n","protected":false},"excerpt":{"rendered":"<p>El presidente de Estados Unidos (EE. UU.), Donald Trump, anunci\u00f3 este lunes en sus redes sociales que mantiene conversaciones con Rusia sobre futuras transacciones de desarrollo econ\u00f3mico, as\u00ed como las&hellip; <\/p>\n","protected":false},"author":7,"featured_media":42531,"comment_status":"closed","ping_status":"closed","sticky":false,"template":"","format":"standard","meta":{"footnotes":""},"categories":[42],"tags":[],"class_list":["post-42530","post","type-post","status-publish","format-standard","has-post-thumbnail","hentry","category-mundo"],"_links":{"self":[{"href":"https:\/\/ciudadtrujillo.com\/index.php?rest_route=\/wp\/v2\/posts\/42530","targetHints":{"allow":["GET"]}}],"collection":[{"href":"https:\/\/ciudadtrujillo.com\/index.php?rest_route=\/wp\/v2\/posts"}],"about":[{"href":"https:\/\/ciudadtrujillo.com\/index.php?rest_route=\/wp\/v2\/types\/post"}],"author":[{"embeddable":true,"href":"https:\/\/ciudadtrujillo.com\/index.php?rest_route=\/wp\/v2\/users\/7"}],"replies":[{"embeddable":true,"href":"https:\/\/ciudadtrujillo.com\/index.php?rest_route=%2Fwp%2Fv2%2Fcomments&post=42530"}],"version-history":[{"count":1,"href":"https:\/\/ciudadtrujillo.com\/index.php?rest_route=\/wp\/v2\/posts\/42530\/revisions"}],"predecessor-version":[{"id":42532,"href":"https:\/\/ciudadtrujillo.com\/index.php?rest_route=\/wp\/v2\/posts\/42530\/revisions\/42532"}],"wp:featuredmedia":[{"embeddable":true,"href":"https:\/\/ciudadtrujillo.com\/index.php?rest_route=\/wp\/v2\/media\/42531"}],"wp:attachment":[{"href":"https:\/\/ciudadtrujillo.com\/index.php?rest_route=%2Fwp%2Fv2%2Fmedia&parent=42530"}],"wp:term":[{"taxonomy":"category","embeddable":true,"href":"https:\/\/ciudadtrujillo.com\/index.php?rest_route=%2Fwp%2Fv2%2Fcategories&post=42530"},{"taxonomy":"post_tag","embeddable":true,"href":"https:\/\/ciudadtrujillo.com\/index.php?rest_route=%2Fwp%2Fv2%2Ftags&post=42530"}],"curies":[{"name":"wp","href":"https:\/\/api.w.org\/{rel}","templated":true}]}}