{"id":42527,"date":"2025-02-24T20:36:26","date_gmt":"2025-02-25T00:36:26","guid":{"rendered":"https:\/\/ciudadtrujillo.com\/?p=42527"},"modified":"2025-02-24T20:36:26","modified_gmt":"2025-02-25T00:36:26","slug":"diosdado-cabello-en-el-psuv-no-permitiremos-postulaciones-adelantadas","status":"publish","type":"post","link":"https:\/\/ciudadtrujillo.com\/?p=42527","title":{"rendered":"Diosdado Cabello: en el PSUV no permitiremos postulaciones adelantadas"},"content":{"rendered":"<p style=\"text-align: justify;\">La direcci\u00f3n del del Partido Socialista Unido de Venezuela (PSUV) anunci\u00f3 este lunes que queda estrictamente prohibido realizar campa\u00f1as, promover nombres o a s\u00ed mismo, presionar estructuras medidas o de base, as\u00ed como hacer uso de instituciones en el proceso de postulaciones para cargos que correspondan a las elecciones del pr\u00f3ximo 25 de mayo.<\/p>\n<p style=\"text-align: justify;\">As\u00ed lo dio a conocer el primer vicepresidente de la tolda roja, Diosdado Cabello, afirmando que este ser\u00e1 un nuevo art\u00edculo que se sume al estatuto del partido.<\/p>\n<p style=\"text-align: justify;\">\u201cEstamos dejando claro y por escrito, ser\u00e1 considerado un criterio negativo y una falta muy grave incurrir en estas acciones irresponsables. La Direcci\u00f3n Nacional del Psuv y el Alto Mando Pol\u00edtico se reserva la potestad para decidir sobre los casos que incurran en tan grave indisciplina, pudiendo acarrear como consecuencia la suspensi\u00f3n de la militancia y\/o la sanci\u00f3n para no ser considerado en la designaci\u00f3n como candidato\u201d, indic\u00f3 Cabello, en la acostumbrada rueda de prensa semanal del PSUV.<\/p>\n<p style=\"text-align: justify;\">Explic\u00f3 que esta acci\u00f3n la toman tras presenciar que \u201cmuchos est\u00e1n jugando posici\u00f3n adelantada y los hemos venido llamando a todos, cada quien con su expediente\u201d.<\/p>\n<p style=\"text-align: justify;\">\u201cNosotros llamamos a una persona que ten\u00eda cu\u00f1as bien hechas, lo sentamos, se le advirti\u00f3, se le dijo no incurra m\u00e1s en eso y sali\u00f3 a hacer una campa\u00f1a mejor. Ahora qued\u00f3 suspendido a cualquier actividad pol\u00edtica. Si usted quiere garantizar que no va a ser candidato haga campa\u00f1a\u201d, sentenci\u00f3.<\/p>\n<p style=\"text-align: justify;\">Agreg\u00f3 que el art\u00edculo tiene un par\u00e1grafo segundo, que se\u00f1ala que cualquier persona que haya sido sancionada por incurrir en esta falta \u201cno aceptaremos su postulaci\u00f3n por ning\u00fan partido del Gran Polo Patri\u00f3tico\u201d.<\/p>\n<h3 style=\"text-align: justify;\">Conmemoraci\u00f3n de \u201cEl Caracazo\u201d<\/h3>\n<p style=\"text-align: justify;\">Este 27 y 28 de febrero, cuando se cumplen 35 a\u00f1os de la rebeli\u00f3n que signific\u00f3 un cambio hist\u00f3rico en el pa\u00eds, el Psuv llevar\u00e1 a cabo una serie de actividades en Guarena y Petare, estado Miranda, y, a su vez, realizar\u00e1n una gran marcha.<\/p>\n<p style=\"text-align: justify;\">\u201cVamos a llegar a un sitio en donde vamos hacer una gran actividad de fuerza del Poder Popular, de nuestras Comunas, de nuestros movimientos sociales. Recordemos que contra ellos fue ese ataque del 27 y 28 de febrero de 1989\u201d, dijo Cabello.<\/p>\n<p>&nbsp;<\/p>\n<p>&nbsp;<\/p>\n<h6>\u00daltimas Noticias<\/h6>\n<p style=\"text-align: justify;\">\n","protected":false},"excerpt":{"rendered":"<p>La direcci\u00f3n del del Partido Socialista Unido de Venezuela (PSUV) anunci\u00f3 este lunes que queda estrictamente prohibido realizar campa\u00f1as, promover nombres o a s\u00ed mismo, presionar estructuras medidas o de&hellip; <\/p>\n","protected":false},"author":7,"featured_media":42528,"comment_status":"closed","ping_status":"closed","sticky":false,"template":"","format":"standard","meta":{"footnotes":""},"categories":[41],"tags":[],"class_list":["post-42527","post","type-post","status-publish","format-standard","has-post-thumbnail","hentry","category-pais"],"_links":{"self":[{"href":"https:\/\/ciudadtrujillo.com\/index.php?rest_route=\/wp\/v2\/posts\/42527","targetHints":{"allow":["GET"]}}],"collection":[{"href":"https:\/\/ciudadtrujillo.com\/index.php?rest_route=\/wp\/v2\/posts"}],"about":[{"href":"https:\/\/ciudadtrujillo.com\/index.php?rest_route=\/wp\/v2\/types\/post"}],"author":[{"embeddable":true,"href":"https:\/\/ciudadtrujillo.com\/index.php?rest_route=\/wp\/v2\/users\/7"}],"replies":[{"embeddable":true,"href":"https:\/\/ciudadtrujillo.com\/index.php?rest_route=%2Fwp%2Fv2%2Fcomments&post=42527"}],"version-history":[{"count":1,"href":"https:\/\/ciudadtrujillo.com\/index.php?rest_route=\/wp\/v2\/posts\/42527\/revisions"}],"predecessor-version":[{"id":42529,"href":"https:\/\/ciudadtrujillo.com\/index.php?rest_route=\/wp\/v2\/posts\/42527\/revisions\/42529"}],"wp:featuredmedia":[{"embeddable":true,"href":"https:\/\/ciudadtrujillo.com\/index.php?rest_route=\/wp\/v2\/media\/42528"}],"wp:attachment":[{"href":"https:\/\/ciudadtrujillo.com\/index.php?rest_route=%2Fwp%2Fv2%2Fmedia&parent=42527"}],"wp:term":[{"taxonomy":"category","embeddable":true,"href":"https:\/\/ciudadtrujillo.com\/index.php?rest_route=%2Fwp%2Fv2%2Fcategories&post=42527"},{"taxonomy":"post_tag","embeddable":true,"href":"https:\/\/ciudadtrujillo.com\/index.php?rest_route=%2Fwp%2Fv2%2Ftags&post=42527"}],"curies":[{"name":"wp","href":"https:\/\/api.w.org\/{rel}","templated":true}]}}