{"id":42516,"date":"2025-02-23T22:12:05","date_gmt":"2025-02-24T02:12:05","guid":{"rendered":"https:\/\/ciudadtrujillo.com\/?p=42516"},"modified":"2025-02-23T22:12:05","modified_gmt":"2025-02-24T02:12:05","slug":"en-trujillo-realizan-221-asambleas-para-la-instalacion-de-la-sala-de-autogobierno-comunal","status":"publish","type":"post","link":"https:\/\/ciudadtrujillo.com\/?p=42516","title":{"rendered":"En Trujillo realizan 221 asambleas para la instalaci\u00f3n de la Sala de Autogobierno Comunal"},"content":{"rendered":"<p style=\"text-align: justify;\">Este domingo se desarrollaron asambleas ciudadanas en los 221 circuitos comunales del estado Trujillo, con el fin de instalar hoy (lunes) la Sala de Autogobierno Comunal, tal y como lo orient\u00f3 el Presidente Nicol\u00e1s Maduro en favor del empoderamiento del poder popular.<\/p>\n<p style=\"text-align: justify;\">La responsable regional de la Sala de Autogobierno Comunal, Ang\u00e9lica Mor\u00f3n, precis\u00f3 que este encuentro fue propicio para que los voceros de los consejos comunales conocieran el sistema de gobierno comunal propuesto por el mandatario nacional enmarcado en el sistema de las 7 Transformaciones.<\/p>\n<p style=\"text-align: justify;\">\u00abDespu\u00e9s de la instalaci\u00f3n viene un proceso formativo para que el pueblo organizado enmarque toda su pol\u00edtica en el plan comunal\u00bb, explic\u00f3 Mor\u00f3n.<\/p>\n<p style=\"text-align: justify;\">En este sentido, Isabel Torres, representante del circuito comunal Tabiskey Kast\u00e1n, expres\u00f3 su satisfacci\u00f3n por la gran concentraci\u00f3n en la asamblea para conformar la Sala de Autogobierno Comunal, \u00abdemostramos una vez m\u00e1s el esp\u00edritu de participaci\u00f3n protag\u00f3nica que debe tener toda comunidad\u00bb, dijo.<\/p>\n<p style=\"text-align: justify;\">Adem\u00e1s, hizo un llamado a \u00abapegarnos a esta Sala de Autogobierno Comunal\u00bb para implementar proyectos que beneficien a la comunidad y lograr el sue\u00f1o de tener \u00abcomunidades limpias con viviendas dignas y buenos servicios p\u00fablicos\u00bb. Concluy\u00f3 afirmando que \u00aba partir de este momento todos vamos a hacer comuna o nada\u00bb.<\/p>\n<p style=\"text-align: justify;\">Asimismo, Oreste Bastidas, integrante del circuito comunal Crist\u00f3bal Mendoza, afirm\u00f3 que en la reuni\u00f3n est\u00e1n eligiendo secretarios, sistematizadores, misioneros y voceros para la constituci\u00f3n de esta sala. Tambi\u00e9n resalt\u00f3 que \u00ablos consejos comunales son los actores fundamentales dentro de cada circuito comunal\u00bb.<\/p>\n<p>&nbsp;<\/p>\n<p>&nbsp;<\/p>\n<h6>Rossiel Hurtado\/Gianella Graterol\/Gr\u00e1ficas: Samuel Torres \/ Alejandro Pujol<\/h6>\n","protected":false},"excerpt":{"rendered":"<p>Este domingo se desarrollaron asambleas ciudadanas en los 221 circuitos comunales del estado Trujillo, con el fin de instalar hoy (lunes) la Sala de Autogobierno Comunal, tal y como lo&hellip; <\/p>\n","protected":false},"author":7,"featured_media":42517,"comment_status":"closed","ping_status":"closed","sticky":false,"template":"","format":"standard","meta":{"footnotes":""},"categories":[40],"tags":[],"class_list":["post-42516","post","type-post","status-publish","format-standard","has-post-thumbnail","hentry","category-grantrujillo"],"_links":{"self":[{"href":"https:\/\/ciudadtrujillo.com\/index.php?rest_route=\/wp\/v2\/posts\/42516","targetHints":{"allow":["GET"]}}],"collection":[{"href":"https:\/\/ciudadtrujillo.com\/index.php?rest_route=\/wp\/v2\/posts"}],"about":[{"href":"https:\/\/ciudadtrujillo.com\/index.php?rest_route=\/wp\/v2\/types\/post"}],"author":[{"embeddable":true,"href":"https:\/\/ciudadtrujillo.com\/index.php?rest_route=\/wp\/v2\/users\/7"}],"replies":[{"embeddable":true,"href":"https:\/\/ciudadtrujillo.com\/index.php?rest_route=%2Fwp%2Fv2%2Fcomments&post=42516"}],"version-history":[{"count":1,"href":"https:\/\/ciudadtrujillo.com\/index.php?rest_route=\/wp\/v2\/posts\/42516\/revisions"}],"predecessor-version":[{"id":42518,"href":"https:\/\/ciudadtrujillo.com\/index.php?rest_route=\/wp\/v2\/posts\/42516\/revisions\/42518"}],"wp:featuredmedia":[{"embeddable":true,"href":"https:\/\/ciudadtrujillo.com\/index.php?rest_route=\/wp\/v2\/media\/42517"}],"wp:attachment":[{"href":"https:\/\/ciudadtrujillo.com\/index.php?rest_route=%2Fwp%2Fv2%2Fmedia&parent=42516"}],"wp:term":[{"taxonomy":"category","embeddable":true,"href":"https:\/\/ciudadtrujillo.com\/index.php?rest_route=%2Fwp%2Fv2%2Fcategories&post=42516"},{"taxonomy":"post_tag","embeddable":true,"href":"https:\/\/ciudadtrujillo.com\/index.php?rest_route=%2Fwp%2Fv2%2Ftags&post=42516"}],"curies":[{"name":"wp","href":"https:\/\/api.w.org\/{rel}","templated":true}]}}