{"id":42513,"date":"2025-02-23T22:06:43","date_gmt":"2025-02-24T02:06:43","guid":{"rendered":"https:\/\/ciudadtrujillo.com\/?p=42513"},"modified":"2025-02-23T22:06:43","modified_gmt":"2025-02-24T02:06:43","slug":"con-diversas-actividades-celebraron-62-aniversario-del-batallon-cnel-luis-maria-rivas-davila","status":"publish","type":"post","link":"https:\/\/ciudadtrujillo.com\/?p=42513","title":{"rendered":"Con diversas actividades celebraron 62\u00b0 aniversario del Batall\u00f3n \u00abCnel. Luis Mar\u00eda Rivas D\u00e1vila\u00bb"},"content":{"rendered":"<p style=\"text-align: justify;\">Este s\u00e1bado se realizaron diversas actividades en el marco del 62\u00b0 aniversario del 222 Batall\u00f3n de Infanter\u00eda Motorizada \u00abCnel. Luis Mar\u00eda Rivas D\u00e1vila\u00bb, en aras de exaltar el honor y dignidad patri\u00f3tica de esta unidad militar.<\/p>\n<p style=\"text-align: justify;\">En los actos estuvieron presentes el gobernador My. Gerardo M\u00e1rquez y el Comandante de la Zona Operativa de Defensa Integral (ZODI) Trujillo, GD. Rafael Zerpa Zambrano.<\/p>\n<p style=\"text-align: justify;\">Adem\u00e1s, como parte de la fusi\u00f3n popular-militar-policial, en las instalaciones del B.I.M. \u00abCnel. Luis Mar\u00eda Rivas D\u00e1vila\u00bb se llevaron a cabo diferentes actividades por el S\u00e1bado de Milicia, a fin de fortalecer el esp\u00edritu patriota garantizando la defensa y soberan\u00eda de la Patria.<\/p>\n<p style=\"text-align: justify;\">Dicho acto fomenta el sentido de unidad y cooperaci\u00f3n en pro del bienestar del pueblo venezolano. Asimismo, la actividad fue propicia para impartir instrucciones sobre la prevenci\u00f3n de drogas, modalidades de tr\u00e1fico il\u00edcito, prueba de orientaci\u00f3n r\u00e1pida, sustancias qu\u00edmicas controladas, actas policiales, criminal\u00edstica, armas colectivas y equipo de campa\u00f1a.<\/p>\n<p>&nbsp;<\/p>\n<p>&nbsp;<\/p>\n<h6>Yarlenis Albarr\u00e1n\/Gr\u00e1ficas: David V\u00e1squez<\/h6>\n","protected":false},"excerpt":{"rendered":"<p>Este s\u00e1bado se realizaron diversas actividades en el marco del 62\u00b0 aniversario del 222 Batall\u00f3n de Infanter\u00eda Motorizada \u00abCnel. Luis Mar\u00eda Rivas D\u00e1vila\u00bb, en aras de exaltar el honor y&hellip; <\/p>\n","protected":false},"author":7,"featured_media":42514,"comment_status":"closed","ping_status":"closed","sticky":false,"template":"","format":"standard","meta":{"footnotes":""},"categories":[40],"tags":[],"class_list":["post-42513","post","type-post","status-publish","format-standard","has-post-thumbnail","hentry","category-grantrujillo"],"_links":{"self":[{"href":"https:\/\/ciudadtrujillo.com\/index.php?rest_route=\/wp\/v2\/posts\/42513","targetHints":{"allow":["GET"]}}],"collection":[{"href":"https:\/\/ciudadtrujillo.com\/index.php?rest_route=\/wp\/v2\/posts"}],"about":[{"href":"https:\/\/ciudadtrujillo.com\/index.php?rest_route=\/wp\/v2\/types\/post"}],"author":[{"embeddable":true,"href":"https:\/\/ciudadtrujillo.com\/index.php?rest_route=\/wp\/v2\/users\/7"}],"replies":[{"embeddable":true,"href":"https:\/\/ciudadtrujillo.com\/index.php?rest_route=%2Fwp%2Fv2%2Fcomments&post=42513"}],"version-history":[{"count":1,"href":"https:\/\/ciudadtrujillo.com\/index.php?rest_route=\/wp\/v2\/posts\/42513\/revisions"}],"predecessor-version":[{"id":42515,"href":"https:\/\/ciudadtrujillo.com\/index.php?rest_route=\/wp\/v2\/posts\/42513\/revisions\/42515"}],"wp:featuredmedia":[{"embeddable":true,"href":"https:\/\/ciudadtrujillo.com\/index.php?rest_route=\/wp\/v2\/media\/42514"}],"wp:attachment":[{"href":"https:\/\/ciudadtrujillo.com\/index.php?rest_route=%2Fwp%2Fv2%2Fmedia&parent=42513"}],"wp:term":[{"taxonomy":"category","embeddable":true,"href":"https:\/\/ciudadtrujillo.com\/index.php?rest_route=%2Fwp%2Fv2%2Fcategories&post=42513"},{"taxonomy":"post_tag","embeddable":true,"href":"https:\/\/ciudadtrujillo.com\/index.php?rest_route=%2Fwp%2Fv2%2Ftags&post=42513"}],"curies":[{"name":"wp","href":"https:\/\/api.w.org\/{rel}","templated":true}]}}