{"id":42510,"date":"2025-02-23T21:57:25","date_gmt":"2025-02-24T01:57:25","guid":{"rendered":"https:\/\/ciudadtrujillo.com\/?p=42510"},"modified":"2025-02-23T21:57:25","modified_gmt":"2025-02-24T01:57:25","slug":"en-el-estado-continua-plan-quirurgico-nacional-con-cirugias-de-mediana-y-alta-complejidad","status":"publish","type":"post","link":"https:\/\/ciudadtrujillo.com\/?p=42510","title":{"rendered":"En el estado contin\u00faa Plan Quir\u00fargico Nacional con cirug\u00edas de mediana y alta complejidad"},"content":{"rendered":"<p style=\"text-align: justify;\">Como parte de las orientaciones del gobernador del estado Trujillo, Gerardo M\u00e1rquez, este domingo se realizaron, de manera simult\u00e1nea, cirug\u00edas de mediana y alta complejidad para favorecer a un total de 56 pacientes, continuando con el Plan Quir\u00fargico Nacional.<\/p>\n<p style=\"text-align: justify;\">Las intervenciones se realizaron en los hospitales Dr. Jos\u00e9 Gregorio Hern\u00e1ndez en Trujillo (capital) y en el Universitario Dr. Pedro Emilio Carrillo de Valera, donde la directora general de la Fundaci\u00f3n Trujillana de la Salud, Dra. Eliana Santos, explic\u00f3 que previamente los pacientes fueron evaluados para posteriormente ser operados con las cirug\u00edas que ameritan.<\/p>\n<p style=\"text-align: justify;\">\u00abFueron convocados 300 pacientes y acudieron 273 de los cuales 117 optaron a cirug\u00edas de cataratas y durante la realizaci\u00f3n de estudios m\u00e9dicos necesarios quedaron 50 pacientes que fueron operados durante este fin de semana\u00bb, explic\u00f3 la Dra. Santos.<\/p>\n<p style=\"text-align: justify;\">Por su parte, la directora del Hospital de Trujillo, Lcda. Milagros Cadenas, mencion\u00f3 que durante el domingo se llevaron a cabo las cirug\u00edas de implementaci\u00f3n de marcapasos a 6 pacientes del estado en el marco de las jornadas de alta complejidad que se desarrollan en este centro m\u00e9dico.<\/p>\n<p style=\"text-align: justify;\">Los pacientes expresaron sus agradecimientos, acotando que mediante estas jornadas se han favorecido de manera gratuita, mejorando as\u00ed su calidad de vida.<\/p>\n<p>&nbsp;<\/p>\n<p>&nbsp;<\/p>\n<h6>Rossiel Hurtado\/Gr\u00e1ficas: Alejandro Pujol<\/h6>\n","protected":false},"excerpt":{"rendered":"<p>Como parte de las orientaciones del gobernador del estado Trujillo, Gerardo M\u00e1rquez, este domingo se realizaron, de manera simult\u00e1nea, cirug\u00edas de mediana y alta complejidad para favorecer a un total&hellip; <\/p>\n","protected":false},"author":7,"featured_media":42511,"comment_status":"closed","ping_status":"closed","sticky":false,"template":"","format":"standard","meta":{"footnotes":""},"categories":[40],"tags":[],"class_list":["post-42510","post","type-post","status-publish","format-standard","has-post-thumbnail","hentry","category-grantrujillo"],"_links":{"self":[{"href":"https:\/\/ciudadtrujillo.com\/index.php?rest_route=\/wp\/v2\/posts\/42510","targetHints":{"allow":["GET"]}}],"collection":[{"href":"https:\/\/ciudadtrujillo.com\/index.php?rest_route=\/wp\/v2\/posts"}],"about":[{"href":"https:\/\/ciudadtrujillo.com\/index.php?rest_route=\/wp\/v2\/types\/post"}],"author":[{"embeddable":true,"href":"https:\/\/ciudadtrujillo.com\/index.php?rest_route=\/wp\/v2\/users\/7"}],"replies":[{"embeddable":true,"href":"https:\/\/ciudadtrujillo.com\/index.php?rest_route=%2Fwp%2Fv2%2Fcomments&post=42510"}],"version-history":[{"count":1,"href":"https:\/\/ciudadtrujillo.com\/index.php?rest_route=\/wp\/v2\/posts\/42510\/revisions"}],"predecessor-version":[{"id":42512,"href":"https:\/\/ciudadtrujillo.com\/index.php?rest_route=\/wp\/v2\/posts\/42510\/revisions\/42512"}],"wp:featuredmedia":[{"embeddable":true,"href":"https:\/\/ciudadtrujillo.com\/index.php?rest_route=\/wp\/v2\/media\/42511"}],"wp:attachment":[{"href":"https:\/\/ciudadtrujillo.com\/index.php?rest_route=%2Fwp%2Fv2%2Fmedia&parent=42510"}],"wp:term":[{"taxonomy":"category","embeddable":true,"href":"https:\/\/ciudadtrujillo.com\/index.php?rest_route=%2Fwp%2Fv2%2Fcategories&post=42510"},{"taxonomy":"post_tag","embeddable":true,"href":"https:\/\/ciudadtrujillo.com\/index.php?rest_route=%2Fwp%2Fv2%2Ftags&post=42510"}],"curies":[{"name":"wp","href":"https:\/\/api.w.org\/{rel}","templated":true}]}}