{"id":42507,"date":"2025-02-23T21:53:26","date_gmt":"2025-02-24T01:53:26","guid":{"rendered":"https:\/\/ciudadtrujillo.com\/?p=42507"},"modified":"2025-02-23T21:53:26","modified_gmt":"2025-02-24T01:53:26","slug":"comuna-maria-del-rosario-infante-del-municipio-candelaria-es-ejemplo-de-organizacion-popular","status":"publish","type":"post","link":"https:\/\/ciudadtrujillo.com\/?p=42507","title":{"rendered":"Comuna Mar\u00eda del Rosario Infante del municipio Candelaria es ejemplo de organizaci\u00f3n popular"},"content":{"rendered":"<p style=\"text-align: justify;\">Este s\u00e1bado, en la Comuna Mar\u00eda del Rosario Infante de Daboin del municipio Candelaria, se explicaron las experiencias y expectativas en medio de esta transformaci\u00f3n que adelanta el Presidente Nicol\u00e1s Maduro y el mandatario regional Gerardo M\u00e1rquez rumbo al nuevo gobierno comunal.<\/p>\n<p style=\"text-align: justify;\">En el sector La Haragana, los comuneros se reunieron con representantes del gobierno nacional, regional y local, para explicar c\u00f3mo est\u00e1 conformada su comuna, que la integran 6 consejos comunales y su potencialidad es la agricultura.<\/p>\n<p style=\"text-align: justify;\">Ang\u00e9lica Mor\u00f3n, responsable de las Salas de Autogobierno Comunal, explic\u00f3 que esta Comuna es piloto y vitrina para territorializar las pol\u00edticas p\u00fablicas.<\/p>\n<p style=\"text-align: justify;\">Por su parte Marisela Valderrama, habitante de Candelaria, se\u00f1al\u00f3 que desea plantear sus experiencias a todas las comunidades. Dijo que espera ver y consolidar la Ciudad Comunal.<\/p>\n<p>&nbsp;<\/p>\n<p>&nbsp;<\/p>\n<h6>Eliph Catalina Fern\u00e1ndez\/Gr\u00e1ficas: Alejandro Pujol<\/h6>\n","protected":false},"excerpt":{"rendered":"<p>Este s\u00e1bado, en la Comuna Mar\u00eda del Rosario Infante de Daboin del municipio Candelaria, se explicaron las experiencias y expectativas en medio de esta transformaci\u00f3n que adelanta el Presidente Nicol\u00e1s&hellip; <\/p>\n","protected":false},"author":7,"featured_media":42508,"comment_status":"closed","ping_status":"closed","sticky":false,"template":"","format":"standard","meta":{"footnotes":""},"categories":[40],"tags":[],"class_list":["post-42507","post","type-post","status-publish","format-standard","has-post-thumbnail","hentry","category-grantrujillo"],"_links":{"self":[{"href":"https:\/\/ciudadtrujillo.com\/index.php?rest_route=\/wp\/v2\/posts\/42507","targetHints":{"allow":["GET"]}}],"collection":[{"href":"https:\/\/ciudadtrujillo.com\/index.php?rest_route=\/wp\/v2\/posts"}],"about":[{"href":"https:\/\/ciudadtrujillo.com\/index.php?rest_route=\/wp\/v2\/types\/post"}],"author":[{"embeddable":true,"href":"https:\/\/ciudadtrujillo.com\/index.php?rest_route=\/wp\/v2\/users\/7"}],"replies":[{"embeddable":true,"href":"https:\/\/ciudadtrujillo.com\/index.php?rest_route=%2Fwp%2Fv2%2Fcomments&post=42507"}],"version-history":[{"count":1,"href":"https:\/\/ciudadtrujillo.com\/index.php?rest_route=\/wp\/v2\/posts\/42507\/revisions"}],"predecessor-version":[{"id":42509,"href":"https:\/\/ciudadtrujillo.com\/index.php?rest_route=\/wp\/v2\/posts\/42507\/revisions\/42509"}],"wp:featuredmedia":[{"embeddable":true,"href":"https:\/\/ciudadtrujillo.com\/index.php?rest_route=\/wp\/v2\/media\/42508"}],"wp:attachment":[{"href":"https:\/\/ciudadtrujillo.com\/index.php?rest_route=%2Fwp%2Fv2%2Fmedia&parent=42507"}],"wp:term":[{"taxonomy":"category","embeddable":true,"href":"https:\/\/ciudadtrujillo.com\/index.php?rest_route=%2Fwp%2Fv2%2Fcategories&post=42507"},{"taxonomy":"post_tag","embeddable":true,"href":"https:\/\/ciudadtrujillo.com\/index.php?rest_route=%2Fwp%2Fv2%2Ftags&post=42507"}],"curies":[{"name":"wp","href":"https:\/\/api.w.org\/{rel}","templated":true}]}}