{"id":42504,"date":"2025-02-23T21:49:12","date_gmt":"2025-02-24T01:49:12","guid":{"rendered":"https:\/\/ciudadtrujillo.com\/?p=42504"},"modified":"2025-02-23T21:49:12","modified_gmt":"2025-02-24T01:49:12","slug":"gabinete-ejecutivo-se-despliega-hoy-para-activar-el-gobierno-comunal","status":"publish","type":"post","link":"https:\/\/ciudadtrujillo.com\/?p=42504","title":{"rendered":"Gabinete Ejecutivo se despliega hoy para activar el Gobierno Comunal"},"content":{"rendered":"<p style=\"text-align: justify;\">La vicepresidenta ejecutiva de la Rep\u00fablica Bolivariana de Venezuela, Delcy Rodr\u00edguez, inform\u00f3 que a partir de hoy el Gabinete Nacional se desplegar\u00e1 en todo el pa\u00eds para la activaci\u00f3n del Gobierno Popular y Comunal con las salas de cada comuna.<\/p>\n<p style=\"text-align: justify;\">\u201cEstamos coordinando todo el Gabinete nacional estar\u00e1 desplegado por toda Venezuela (\u2026) todas las salas van a estar interconectadas, como ya estamos viendo la interconexi\u00f3n tambi\u00e9n con la Sala del Sistema Nacional que fue activada por el Presidente de la Rep\u00fablica Bolivariana de Venezuela, Nicol\u00e1s Maduro\u201d, expres\u00f3.<\/p>\n<p style=\"text-align: justify;\">Asimismo, indic\u00f3 \u201cvemos el engranaje de nivel nacional, estatal, local y lo m\u00e1s importante los gobiernos comunales, los gobiernos populares, es el gobierno del pueblo, es la democracia participativa y protag\u00f3nica (\u2026) es la conducci\u00f3n hist\u00f3rica que nos toca en la etapa de este proceso profundo de transformaci\u00f3n social, transformaci\u00f3n pol\u00edtica y transformaci\u00f3n econ\u00f3mica\u201d.<\/p>\n<p style=\"text-align: justify;\">La vicepresidenta afirm\u00f3 que de la mano del Presidente Nicol\u00e1s Maduro el destino de Venezuela est\u00e1 garantizado al igual que la paz, el desarrollo y el futuro de la Patria. Cabe recordar que la Sala de Gobierno Popular fue el resultado de 63 mil asambleas comunitarias, para monitorear cada proyecto desarrollado por las comunidades y los reportes de las salas de gobierno por cada Circuito Comunal, proceso democr\u00e1tico que garantiza una gesti\u00f3n eficiente y participativa.<\/p>\n<p style=\"text-align: justify;\">Las Salas de Autogobierno Popular \u00abayudar\u00e1n al pueblo venezolano a transitar hacia un Estado Comunal, nuevo y eficiente\u00bb, as\u00ed lo asever\u00f3 Rodr\u00edguez en d\u00edas pasados en mensaje compartido en su canal de Telegram.<\/p>\n<p>&nbsp;<\/p>\n<p>&nbsp;<\/p>\n<h6>VTV<\/h6>\n","protected":false},"excerpt":{"rendered":"<p>La vicepresidenta ejecutiva de la Rep\u00fablica Bolivariana de Venezuela, Delcy Rodr\u00edguez, inform\u00f3 que a partir de hoy el Gabinete Nacional se desplegar\u00e1 en todo el pa\u00eds para la activaci\u00f3n del&hellip; <\/p>\n","protected":false},"author":7,"featured_media":42505,"comment_status":"closed","ping_status":"closed","sticky":false,"template":"","format":"standard","meta":{"footnotes":""},"categories":[41],"tags":[],"class_list":["post-42504","post","type-post","status-publish","format-standard","has-post-thumbnail","hentry","category-pais"],"_links":{"self":[{"href":"https:\/\/ciudadtrujillo.com\/index.php?rest_route=\/wp\/v2\/posts\/42504","targetHints":{"allow":["GET"]}}],"collection":[{"href":"https:\/\/ciudadtrujillo.com\/index.php?rest_route=\/wp\/v2\/posts"}],"about":[{"href":"https:\/\/ciudadtrujillo.com\/index.php?rest_route=\/wp\/v2\/types\/post"}],"author":[{"embeddable":true,"href":"https:\/\/ciudadtrujillo.com\/index.php?rest_route=\/wp\/v2\/users\/7"}],"replies":[{"embeddable":true,"href":"https:\/\/ciudadtrujillo.com\/index.php?rest_route=%2Fwp%2Fv2%2Fcomments&post=42504"}],"version-history":[{"count":1,"href":"https:\/\/ciudadtrujillo.com\/index.php?rest_route=\/wp\/v2\/posts\/42504\/revisions"}],"predecessor-version":[{"id":42506,"href":"https:\/\/ciudadtrujillo.com\/index.php?rest_route=\/wp\/v2\/posts\/42504\/revisions\/42506"}],"wp:featuredmedia":[{"embeddable":true,"href":"https:\/\/ciudadtrujillo.com\/index.php?rest_route=\/wp\/v2\/media\/42505"}],"wp:attachment":[{"href":"https:\/\/ciudadtrujillo.com\/index.php?rest_route=%2Fwp%2Fv2%2Fmedia&parent=42504"}],"wp:term":[{"taxonomy":"category","embeddable":true,"href":"https:\/\/ciudadtrujillo.com\/index.php?rest_route=%2Fwp%2Fv2%2Fcategories&post=42504"},{"taxonomy":"post_tag","embeddable":true,"href":"https:\/\/ciudadtrujillo.com\/index.php?rest_route=%2Fwp%2Fv2%2Ftags&post=42504"}],"curies":[{"name":"wp","href":"https:\/\/api.w.org\/{rel}","templated":true}]}}