{"id":42501,"date":"2025-02-23T21:47:23","date_gmt":"2025-02-24T01:47:23","guid":{"rendered":"https:\/\/ciudadtrujillo.com\/?p=42501"},"modified":"2025-02-23T21:47:23","modified_gmt":"2025-02-24T01:47:23","slug":"entregadas-cuatro-unidades-de-transporte-para-santa-ana","status":"publish","type":"post","link":"https:\/\/ciudadtrujillo.com\/?p=42501","title":{"rendered":"Entregadas cuatro unidades de transporte para Santa Ana"},"content":{"rendered":"<p style=\"text-align: justify;\">Como parte del empoderamiento comunal que se adelanta en Trujillo, el gobernador Gerardo M\u00e1rquez hizo la entrega de cuatro veh\u00edculos para favorecer al pueblo de Santa Ana, municipio Pamp\u00e1n.<\/p>\n<p style=\"text-align: justify;\">M\u00e1rquez destac\u00f3 que esta asignaci\u00f3n de unidades, dos de ellas en comodato y todas bajo la administraci\u00f3n de las comunidades organizadas, forma parte de una nueva era que ha pedido el Presidente Nicol\u00e1s Maduro. Gracias al presidente de Pdvsa, H\u00e9ctor Obreg\u00f3n, se lograron adquirir dos unidades tipo r\u00fasticos, para el traslado especialmente en zonas campesinas. Asimismo, gracias a Bus Trujillo, se les entreg\u00f3 un autob\u00fas y al convenio China- Venezuela, una ambulancia 0 km para la atenci\u00f3n de emergencias.<\/p>\n<p style=\"text-align: justify;\">Asimismo, en el acto de entrega, el gobernador anunci\u00f3 que se distribuir\u00e1n 300 cilindros de Trujillo Gas Comunal a las personas que as\u00ed lo designen las bases.<\/p>\n<p style=\"text-align: justify;\">El pueblo expres\u00f3 su satisfacci\u00f3n por este beneficio que les permitir\u00e1 facilitar la vida diaria, el traslado de personas con alguna dificultad y a las personas que requieran hacer gestiones en Valera o Trujillo.<\/p>\n<p>&nbsp;<\/p>\n<p>&nbsp;<\/p>\n<h6>Eliph Catalina Fern\u00e1ndez\/Gr\u00e1ficas: David V\u00e1squez<\/h6>\n","protected":false},"excerpt":{"rendered":"<p>Como parte del empoderamiento comunal que se adelanta en Trujillo, el gobernador Gerardo M\u00e1rquez hizo la entrega de cuatro veh\u00edculos para favorecer al pueblo de Santa Ana, municipio Pamp\u00e1n. M\u00e1rquez&hellip; <\/p>\n","protected":false},"author":7,"featured_media":42502,"comment_status":"closed","ping_status":"closed","sticky":false,"template":"","format":"standard","meta":{"footnotes":""},"categories":[40],"tags":[],"class_list":["post-42501","post","type-post","status-publish","format-standard","has-post-thumbnail","hentry","category-grantrujillo"],"_links":{"self":[{"href":"https:\/\/ciudadtrujillo.com\/index.php?rest_route=\/wp\/v2\/posts\/42501","targetHints":{"allow":["GET"]}}],"collection":[{"href":"https:\/\/ciudadtrujillo.com\/index.php?rest_route=\/wp\/v2\/posts"}],"about":[{"href":"https:\/\/ciudadtrujillo.com\/index.php?rest_route=\/wp\/v2\/types\/post"}],"author":[{"embeddable":true,"href":"https:\/\/ciudadtrujillo.com\/index.php?rest_route=\/wp\/v2\/users\/7"}],"replies":[{"embeddable":true,"href":"https:\/\/ciudadtrujillo.com\/index.php?rest_route=%2Fwp%2Fv2%2Fcomments&post=42501"}],"version-history":[{"count":1,"href":"https:\/\/ciudadtrujillo.com\/index.php?rest_route=\/wp\/v2\/posts\/42501\/revisions"}],"predecessor-version":[{"id":42503,"href":"https:\/\/ciudadtrujillo.com\/index.php?rest_route=\/wp\/v2\/posts\/42501\/revisions\/42503"}],"wp:featuredmedia":[{"embeddable":true,"href":"https:\/\/ciudadtrujillo.com\/index.php?rest_route=\/wp\/v2\/media\/42502"}],"wp:attachment":[{"href":"https:\/\/ciudadtrujillo.com\/index.php?rest_route=%2Fwp%2Fv2%2Fmedia&parent=42501"}],"wp:term":[{"taxonomy":"category","embeddable":true,"href":"https:\/\/ciudadtrujillo.com\/index.php?rest_route=%2Fwp%2Fv2%2Fcategories&post=42501"},{"taxonomy":"post_tag","embeddable":true,"href":"https:\/\/ciudadtrujillo.com\/index.php?rest_route=%2Fwp%2Fv2%2Ftags&post=42501"}],"curies":[{"name":"wp","href":"https:\/\/api.w.org\/{rel}","templated":true}]}}