{"id":42490,"date":"2025-02-20T20:15:09","date_gmt":"2025-02-21T00:15:09","guid":{"rendered":"https:\/\/ciudadtrujillo.com\/?p=42490"},"modified":"2025-02-20T20:15:09","modified_gmt":"2025-02-21T00:15:09","slug":"mas-familias-son-favorecidas-con-entrega-de-viviendas-en-trujillo","status":"publish","type":"post","link":"https:\/\/ciudadtrujillo.com\/?p=42490","title":{"rendered":"M\u00e1s familias son favorecidas con entrega de viviendas en Trujillo"},"content":{"rendered":"<p style=\"text-align: justify;\">Este jueves, el Ministerio del Poder Popular para H\u00e1bitat y Vivienda hizo entrega de la primera fase de apartamentos en el estado Trujillo. La jornada se desarroll\u00f3 en el urbanismo Eje Vial en compa\u00f1\u00eda del gobernador Gerardo M\u00e1rquez; el alcalde del municipio capital, Carlos Ter\u00e1n; el director regional de esta cartera, Ing. Alexander Maldonado y autoridades de la entidad.<\/p>\n<p style=\"text-align: justify;\">En este sentido, el director Maldonado manifest\u00f3 que fueron entregadas soluciones habitacionales a personas damnificadas producto a las fuertes precipitaciones y otras en situaci\u00f3n vulnerable. \u00abGracias al Presidente Nicol\u00e1s Maduro hoy podemos entregar viviendas dignas al pueblo trujillano\u00bb.<\/p>\n<p style=\"text-align: justify;\">Por su parte, la favorecida Carmen M\u00e9ndez, con llave en mano, expres\u00f3 su agradecimiento por la entrega de su vivienda, qui\u00e9n agreg\u00f3 que \u00abel Gobierno Bolivariano cumpli\u00f3 con lo prometido y hoy tengo mi casa\u00bb.<\/p>\n<p>&nbsp;<\/p>\n<p>&nbsp;<\/p>\n<h6>Rossiel Hurtado\/Gr\u00e1ficas: David V\u00e1squez<\/h6>\n","protected":false},"excerpt":{"rendered":"<p>Este jueves, el Ministerio del Poder Popular para H\u00e1bitat y Vivienda hizo entrega de la primera fase de apartamentos en el estado Trujillo. La jornada se desarroll\u00f3 en el urbanismo&hellip; <\/p>\n","protected":false},"author":7,"featured_media":42491,"comment_status":"closed","ping_status":"closed","sticky":false,"template":"","format":"standard","meta":{"footnotes":""},"categories":[52,40],"tags":[],"class_list":["post-42490","post","type-post","status-publish","format-standard","has-post-thumbnail","hentry","category-destacadas","category-grantrujillo"],"_links":{"self":[{"href":"https:\/\/ciudadtrujillo.com\/index.php?rest_route=\/wp\/v2\/posts\/42490","targetHints":{"allow":["GET"]}}],"collection":[{"href":"https:\/\/ciudadtrujillo.com\/index.php?rest_route=\/wp\/v2\/posts"}],"about":[{"href":"https:\/\/ciudadtrujillo.com\/index.php?rest_route=\/wp\/v2\/types\/post"}],"author":[{"embeddable":true,"href":"https:\/\/ciudadtrujillo.com\/index.php?rest_route=\/wp\/v2\/users\/7"}],"replies":[{"embeddable":true,"href":"https:\/\/ciudadtrujillo.com\/index.php?rest_route=%2Fwp%2Fv2%2Fcomments&post=42490"}],"version-history":[{"count":1,"href":"https:\/\/ciudadtrujillo.com\/index.php?rest_route=\/wp\/v2\/posts\/42490\/revisions"}],"predecessor-version":[{"id":42492,"href":"https:\/\/ciudadtrujillo.com\/index.php?rest_route=\/wp\/v2\/posts\/42490\/revisions\/42492"}],"wp:featuredmedia":[{"embeddable":true,"href":"https:\/\/ciudadtrujillo.com\/index.php?rest_route=\/wp\/v2\/media\/42491"}],"wp:attachment":[{"href":"https:\/\/ciudadtrujillo.com\/index.php?rest_route=%2Fwp%2Fv2%2Fmedia&parent=42490"}],"wp:term":[{"taxonomy":"category","embeddable":true,"href":"https:\/\/ciudadtrujillo.com\/index.php?rest_route=%2Fwp%2Fv2%2Fcategories&post=42490"},{"taxonomy":"post_tag","embeddable":true,"href":"https:\/\/ciudadtrujillo.com\/index.php?rest_route=%2Fwp%2Fv2%2Ftags&post=42490"}],"curies":[{"name":"wp","href":"https:\/\/api.w.org\/{rel}","templated":true}]}}