{"id":42487,"date":"2025-02-20T19:52:49","date_gmt":"2025-02-20T23:52:49","guid":{"rendered":"https:\/\/ciudadtrujillo.com\/?p=42487"},"modified":"2025-02-20T19:52:49","modified_gmt":"2025-02-20T23:52:49","slug":"promueven-el-reciclaje-de-plastico-en-17-escuelas-de-trujillo","status":"publish","type":"post","link":"https:\/\/ciudadtrujillo.com\/?p=42487","title":{"rendered":"Promueven el reciclaje de pl\u00e1stico en 17 escuelas de Trujillo"},"content":{"rendered":"<p style=\"text-align: justify;\">En aras de impulsar la conservaci\u00f3n del ambiente, en el estado Trujillo se llev\u00f3 a cabo la segunda jornada de reciclaje de pl\u00e1stico en 17 instituciones educativas de los municipios San Rafael de Carvajal y Valera.<\/p>\n<p style=\"text-align: justify;\">El plan integral sostenible de reciclaje es impulsado por el Ministerio del Poder Popular para el Ecosocialismo (Minec), con el cual en cinco d\u00edas de faena fueron recolectados 1450,338 kilogramos de pl\u00e1stico clasificado e impactado a 6.753 estudiantes.<\/p>\n<p style=\"text-align: justify;\">Jos\u00e9 Ricardo Castellano, director de la Unidad Territorial Trujillo del Minec, indic\u00f3 que a trav\u00e9s de este plan se explica la importancia de la aplicaci\u00f3n de las 3R: reciclar, reducir y reutilizar como mecanismo para mitigar los efectos de la crisis clim\u00e1tica que afecta al planeta Tierra.<\/p>\n<p style=\"text-align: justify;\">Asimismo, destac\u00f3 la participaci\u00f3n de los alumnos, docentes, personal obrero, padres y representantes, as\u00ed como la Fundaci\u00f3n Misi\u00f3n \u00c1rbol Trujillo, la comisi\u00f3n de Ambiente, Territorio y Urbanismo del Concejo municipal de Valera y Carvajal y el programa Metras del Minec.<\/p>\n<h3 style=\"text-align: justify;\">Amplia participaci\u00f3n estudiantil<\/h3>\n<p style=\"text-align: justify;\">Castellano detall\u00f3 que en el primer d\u00eda de jornada participaron las Escuelas Padre Blanco, Ciudad de Valera y Do\u00f1a Mercedes D\u00edaz del municipio Valera junto a la Unidad Educativa Mar\u00eda Dolores y Monse\u00f1or Estanislao Carrillo del municipio San Rafael de Carvajal con la recolecci\u00f3n de 376,075 kilogramos de pl\u00e1sticos, con la participaci\u00f3n de 2.282 estudiantes.<\/p>\n<p style=\"text-align: justify;\">Igualmente, intervinieron en un segundo d\u00eda la Unidad Educativa Ricardo Labastida, Ignacio Mart\u00edn Burk (colegio privado), Las Acacias y Los Cedros (privado) con la recolecci\u00f3n de 176,673 Kg de pl\u00e1stico impactando a mil 769 estudiantes.<\/p>\n<p style=\"text-align: justify;\">A este plan tambi\u00e9n se sumaron la Escuela Sagrado Coraz\u00f3n de Jes\u00fas, Liceo Juan de Dios Andrade y el Colegio Rep\u00fablica de Venezuela del municipio Valera, con la participaci\u00f3n de 1.040 estudiantes en la recolecci\u00f3n de 24,370 Kg de pl\u00e1stico.<\/p>\n<p style=\"text-align: justify;\">Asimismo, las Escuelas Jos\u00e9 Mar\u00eda Espa\u00f1a, Mar\u00eda Columba, Jos\u00e9 Antonio Pacheco y Andr\u00e9s Bello recolectaron 432,43 Kg de pl\u00e1stico.<\/p>\n<p style=\"text-align: justify;\">\u201cEn estas cinco jornadas que realizamos en 17 instituciones educativas se recolectaron 1450,338 kilogramos de pl\u00e1stico impactando a 6.753 estudiantes de los municipios Carvajal y Valera. Continuaremos llevando el mensaje del reciclaje y sobre todo de la preservaci\u00f3n del ambiente cumpliendo con el quinto objetivo hist\u00f3rico del plan de la Patria de contribuir con la preservaci\u00f3n de la vida en el planeta y la salvaci\u00f3n de la especie humana\u201d, enfatiz\u00f3 Castellano.<\/p>\n<p style=\"text-align: justify;\">Cabe destacar que la Asociaci\u00f3n de Comerciantes e Industriales de Valera (Acoinva), en coordinaci\u00f3n con el Minec Trujillo, se ha desplegado en este gran proyecto incorporando activamente las brigadas ecol\u00f3gicas de los colegios en la recolecci\u00f3n de pl\u00e1stico.<\/p>\n<p style=\"text-align: justify;\">\n<p>&nbsp;<\/p>\n<p>&nbsp;<\/p>\n<h6>\u00daltimas Noticias<\/h6>\n","protected":false},"excerpt":{"rendered":"<p>En aras de impulsar la conservaci\u00f3n del ambiente, en el estado Trujillo se llev\u00f3 a cabo la segunda jornada de reciclaje de pl\u00e1stico en 17 instituciones educativas de los municipios&hellip; <\/p>\n","protected":false},"author":7,"featured_media":42488,"comment_status":"closed","ping_status":"closed","sticky":false,"template":"","format":"standard","meta":{"footnotes":""},"categories":[40],"tags":[],"class_list":["post-42487","post","type-post","status-publish","format-standard","has-post-thumbnail","hentry","category-grantrujillo"],"_links":{"self":[{"href":"https:\/\/ciudadtrujillo.com\/index.php?rest_route=\/wp\/v2\/posts\/42487","targetHints":{"allow":["GET"]}}],"collection":[{"href":"https:\/\/ciudadtrujillo.com\/index.php?rest_route=\/wp\/v2\/posts"}],"about":[{"href":"https:\/\/ciudadtrujillo.com\/index.php?rest_route=\/wp\/v2\/types\/post"}],"author":[{"embeddable":true,"href":"https:\/\/ciudadtrujillo.com\/index.php?rest_route=\/wp\/v2\/users\/7"}],"replies":[{"embeddable":true,"href":"https:\/\/ciudadtrujillo.com\/index.php?rest_route=%2Fwp%2Fv2%2Fcomments&post=42487"}],"version-history":[{"count":1,"href":"https:\/\/ciudadtrujillo.com\/index.php?rest_route=\/wp\/v2\/posts\/42487\/revisions"}],"predecessor-version":[{"id":42489,"href":"https:\/\/ciudadtrujillo.com\/index.php?rest_route=\/wp\/v2\/posts\/42487\/revisions\/42489"}],"wp:featuredmedia":[{"embeddable":true,"href":"https:\/\/ciudadtrujillo.com\/index.php?rest_route=\/wp\/v2\/media\/42488"}],"wp:attachment":[{"href":"https:\/\/ciudadtrujillo.com\/index.php?rest_route=%2Fwp%2Fv2%2Fmedia&parent=42487"}],"wp:term":[{"taxonomy":"category","embeddable":true,"href":"https:\/\/ciudadtrujillo.com\/index.php?rest_route=%2Fwp%2Fv2%2Fcategories&post=42487"},{"taxonomy":"post_tag","embeddable":true,"href":"https:\/\/ciudadtrujillo.com\/index.php?rest_route=%2Fwp%2Fv2%2Ftags&post=42487"}],"curies":[{"name":"wp","href":"https:\/\/api.w.org\/{rel}","templated":true}]}}