{"id":42475,"date":"2025-02-20T19:36:58","date_gmt":"2025-02-20T23:36:58","guid":{"rendered":"https:\/\/ciudadtrujillo.com\/?p=42475"},"modified":"2025-02-20T19:36:58","modified_gmt":"2025-02-20T23:36:58","slug":"plan-de-atencion-se-despliega-en-instituciones-de-la-entidad-para-abordaje-del-personal-de-educacion","status":"publish","type":"post","link":"https:\/\/ciudadtrujillo.com\/?p=42475","title":{"rendered":"Plan de atenci\u00f3n se despliega en instituciones de la entidad para abordaje del personal de educaci\u00f3n"},"content":{"rendered":"<p style=\"text-align: justify;\">En el marco del reimpulso de las pol\u00edticas educativas y siguiendo orientaciones emanadas por el Gobernador del estado, Mayor Gerardo M\u00e1rquez, este jueves inici\u00f3 el Plan de Atenci\u00f3n Territorial dirigido a los directores, personal docente, administrativo y obrero, de los 20 municipios de la entidad trujillana.<\/p>\n<p>Por su parte, la Autoridad \u00danica de Educaci\u00f3n del estado, MSc. Alexis Brice\u00f1o, se\u00f1al\u00f3: \u00abVamos a trabajar de manera colectiva y articulada para brindar respuestas y soluciones a nuestro magisterio\u00bb.<\/p>\n<p style=\"text-align: justify;\">La jornada corresponde al municipio Motat\u00e1n, espec\u00edficamente en la Esc. Antonio Nicol\u00e1s Brice\u00f1o, posteriormente ser\u00e1n atendidos los dem\u00e1s municipios.<\/p>\n<p style=\"text-align: justify;\">El plan busca brindar una respuesta oportuna a los trabajadores del sector educativo; y garantizar la efectiva atenci\u00f3n, directa e integral, a fin de mejorar y potenciar el desarrollo de las Pol\u00edticas P\u00fablicas Educativas.<\/p>\n<p style=\"text-align: justify;\">En este sentido, el plan est\u00e1 enfocado en el humanismo, el cual pueda contribuir con el desarrollo eficiente y eficaz de los procesos pedag\u00f3gicos, legales, t\u00e9cnicos y administrativos, garantizando la equidad, calidad de la Educaci\u00f3n y el funcionamiento de las instituciones, centros educativos oficiales y privados del estado Trujillo.<\/p>\n<p style=\"text-align: justify;\"><strong>Los Servicios de Atenci\u00f3n que se prestar\u00e1n son los siguientes:<\/strong><\/p>\n<p style=\"text-align: justify;\">&#8211; Recepci\u00f3n de solicitudes relacionadas con beneficios laborales (reconocimiento de a\u00f1os de servicio, sinceraci\u00f3n de cargos, profesionalizaci\u00f3n, reubicaciones y licencias.<br \/>\n&#8211; Recepci\u00f3n de recaudos para certificaci\u00f3n y legalizaci\u00f3n de notas, reposici\u00f3n de t\u00edtulos de bachiller.<br \/>\n&#8211; Asesoramiento para proyectos en el marco de la Consulta Popular.<br \/>\n&#8211; As\u00ed como todos los tr\u00e1mites atendidos en la sede de la Zona Educativa.<\/p>\n<p style=\"text-align: justify;\">El Centro de Desarrollo de la Calidad Educativa (Zona Educativa) y los entes adscritos del MPPE se desplegar\u00e1n cada martes y jueves por los distintos municipios del estado Trujillo.<\/p>\n<p>&nbsp;<\/p>\n<p>&nbsp;<\/p>\n<h6>Prensa Educaci\u00f3n<\/h6>\n","protected":false},"excerpt":{"rendered":"<p>En el marco del reimpulso de las pol\u00edticas educativas y siguiendo orientaciones emanadas por el Gobernador del estado, Mayor Gerardo M\u00e1rquez, este jueves inici\u00f3 el Plan de Atenci\u00f3n Territorial dirigido&hellip; <\/p>\n","protected":false},"author":7,"featured_media":42476,"comment_status":"closed","ping_status":"closed","sticky":false,"template":"","format":"standard","meta":{"footnotes":""},"categories":[40],"tags":[],"class_list":["post-42475","post","type-post","status-publish","format-standard","has-post-thumbnail","hentry","category-grantrujillo"],"_links":{"self":[{"href":"https:\/\/ciudadtrujillo.com\/index.php?rest_route=\/wp\/v2\/posts\/42475","targetHints":{"allow":["GET"]}}],"collection":[{"href":"https:\/\/ciudadtrujillo.com\/index.php?rest_route=\/wp\/v2\/posts"}],"about":[{"href":"https:\/\/ciudadtrujillo.com\/index.php?rest_route=\/wp\/v2\/types\/post"}],"author":[{"embeddable":true,"href":"https:\/\/ciudadtrujillo.com\/index.php?rest_route=\/wp\/v2\/users\/7"}],"replies":[{"embeddable":true,"href":"https:\/\/ciudadtrujillo.com\/index.php?rest_route=%2Fwp%2Fv2%2Fcomments&post=42475"}],"version-history":[{"count":1,"href":"https:\/\/ciudadtrujillo.com\/index.php?rest_route=\/wp\/v2\/posts\/42475\/revisions"}],"predecessor-version":[{"id":42477,"href":"https:\/\/ciudadtrujillo.com\/index.php?rest_route=\/wp\/v2\/posts\/42475\/revisions\/42477"}],"wp:featuredmedia":[{"embeddable":true,"href":"https:\/\/ciudadtrujillo.com\/index.php?rest_route=\/wp\/v2\/media\/42476"}],"wp:attachment":[{"href":"https:\/\/ciudadtrujillo.com\/index.php?rest_route=%2Fwp%2Fv2%2Fmedia&parent=42475"}],"wp:term":[{"taxonomy":"category","embeddable":true,"href":"https:\/\/ciudadtrujillo.com\/index.php?rest_route=%2Fwp%2Fv2%2Fcategories&post=42475"},{"taxonomy":"post_tag","embeddable":true,"href":"https:\/\/ciudadtrujillo.com\/index.php?rest_route=%2Fwp%2Fv2%2Ftags&post=42475"}],"curies":[{"name":"wp","href":"https:\/\/api.w.org\/{rel}","templated":true}]}}