{"id":42472,"date":"2025-02-20T19:33:36","date_gmt":"2025-02-20T23:33:36","guid":{"rendered":"https:\/\/ciudadtrujillo.com\/?p=42472"},"modified":"2025-02-20T19:33:36","modified_gmt":"2025-02-20T23:33:36","slug":"gabinetes-comunales-se-instalaran-a-partir-del-24-de-febrero","status":"publish","type":"post","link":"https:\/\/ciudadtrujillo.com\/?p=42472","title":{"rendered":"Gabinetes comunales se instalar\u00e1n a partir del 24 de febrero"},"content":{"rendered":"<p style=\"text-align: justify;\">La vicepresidenta ejecutiva de la Rep\u00fablica Bolivariana de Venezuela, Delcy Rodr\u00edguez, particip\u00f3 este jueves en la inauguraci\u00f3n del Taller de Alto Nivel del Gobierno Popular; durante el cual anunci\u00f3 la instalaci\u00f3n de gabinetes populares y comunales durante los d\u00edas 24, 25 y 26 del presente mes, lo cual permitir\u00e1 la construcci\u00f3n del Estado comunal, seg\u00fan lo propuesto por el presidente de la Rep\u00fablica Bolivariana de Venezuela, Nicol\u00e1s Maduro.<\/p>\n<p style=\"text-align: justify;\">\u00abEstaremos instalando los gabinetes del gobierno comunal y popular, y all\u00ed yo llamo a las vicepresidencias sectoriales, ministros, ministras a activarse en la transformaci\u00f3n que corresponda\u00bb, anunci\u00f3 Rodr\u00edguez. Adem\u00e1s, indic\u00f3 que deben presentarse los servidores p\u00fablicos especializados en econom\u00eda, servicios p\u00fablicos, seguridad ciudadana, y protecci\u00f3n social.<\/p>\n<p style=\"text-align: justify;\">Seguidamente, anunci\u00f3 que desde el 27 de febrero hasta el 23 de marzo se desarrollar\u00e1 una jornada de planificaci\u00f3n popular. \u00abAh\u00ed est\u00e1 como se piensa, c\u00f3mo se planifica en base a las necesidades directas en nuestro territorio\u00bb, indic\u00f3 Rodr\u00edguez. Finalmente, anunci\u00f3 las jornadas de trabajo por gabinete sectorial pautadas para el 24 de marzo, las cuales cuentan con el apoyo de la sala nacional, en la que confluyen sistemas de informaci\u00f3n y la plataforma tecnol\u00f3gica, que incluye al Consejo Federal de Gobierno, y que permite monitorear el financiamiento a los circuitos comunales.<\/p>\n<p style=\"text-align: justify;\">\u00abNo podemos postergar m\u00e1s este parto hist\u00f3rico, estamos pariendo una nueva Patria, estamos pariendo el estado popular y comunal\u00bb, concluy\u00f3 la vicepresidenta, quien argument\u00f3 que este nuevo modelo pol\u00edtico deriva de la evoluci\u00f3n constitucional de Venezuela, particularmente de la Carta Magna promulgada en 1999.<\/p>\n<p>&nbsp;<\/p>\n<p>&nbsp;<\/p>\n<h6>VTV<\/h6>\n","protected":false},"excerpt":{"rendered":"<p>La vicepresidenta ejecutiva de la Rep\u00fablica Bolivariana de Venezuela, Delcy Rodr\u00edguez, particip\u00f3 este jueves en la inauguraci\u00f3n del Taller de Alto Nivel del Gobierno Popular; durante el cual anunci\u00f3 la&hellip; <\/p>\n","protected":false},"author":7,"featured_media":42473,"comment_status":"closed","ping_status":"closed","sticky":false,"template":"","format":"standard","meta":{"footnotes":""},"categories":[41],"tags":[],"class_list":["post-42472","post","type-post","status-publish","format-standard","has-post-thumbnail","hentry","category-pais"],"_links":{"self":[{"href":"https:\/\/ciudadtrujillo.com\/index.php?rest_route=\/wp\/v2\/posts\/42472","targetHints":{"allow":["GET"]}}],"collection":[{"href":"https:\/\/ciudadtrujillo.com\/index.php?rest_route=\/wp\/v2\/posts"}],"about":[{"href":"https:\/\/ciudadtrujillo.com\/index.php?rest_route=\/wp\/v2\/types\/post"}],"author":[{"embeddable":true,"href":"https:\/\/ciudadtrujillo.com\/index.php?rest_route=\/wp\/v2\/users\/7"}],"replies":[{"embeddable":true,"href":"https:\/\/ciudadtrujillo.com\/index.php?rest_route=%2Fwp%2Fv2%2Fcomments&post=42472"}],"version-history":[{"count":1,"href":"https:\/\/ciudadtrujillo.com\/index.php?rest_route=\/wp\/v2\/posts\/42472\/revisions"}],"predecessor-version":[{"id":42474,"href":"https:\/\/ciudadtrujillo.com\/index.php?rest_route=\/wp\/v2\/posts\/42472\/revisions\/42474"}],"wp:featuredmedia":[{"embeddable":true,"href":"https:\/\/ciudadtrujillo.com\/index.php?rest_route=\/wp\/v2\/media\/42473"}],"wp:attachment":[{"href":"https:\/\/ciudadtrujillo.com\/index.php?rest_route=%2Fwp%2Fv2%2Fmedia&parent=42472"}],"wp:term":[{"taxonomy":"category","embeddable":true,"href":"https:\/\/ciudadtrujillo.com\/index.php?rest_route=%2Fwp%2Fv2%2Fcategories&post=42472"},{"taxonomy":"post_tag","embeddable":true,"href":"https:\/\/ciudadtrujillo.com\/index.php?rest_route=%2Fwp%2Fv2%2Ftags&post=42472"}],"curies":[{"name":"wp","href":"https:\/\/api.w.org\/{rel}","templated":true}]}}