{"id":42469,"date":"2025-02-20T19:30:54","date_gmt":"2025-02-20T23:30:54","guid":{"rendered":"https:\/\/ciudadtrujillo.com\/?p=42469"},"modified":"2025-02-20T19:30:54","modified_gmt":"2025-02-20T23:30:54","slug":"karate-venezolano-se-prepara-para-los-panamericanos-junior-de-paraguay","status":"publish","type":"post","link":"https:\/\/ciudadtrujillo.com\/?p=42469","title":{"rendered":"Karate venezolano se prepara para los Panamericanos Junior de Paraguay"},"content":{"rendered":"<p style=\"text-align: justify;\">La delegaci\u00f3n venezolana de karate clasificada para los Juegos Panamericanos Junior de Paraguay 2025, comenz\u00f3 su base de preparaci\u00f3n en el Gimnasio Antonio D\u00edaz del Instituto Nacional de Deporte (IND), ubicado en Caracas; ante el certamen a librarse entre el 23 de agosto y el 9 de septiembre. El equipo clasificado est\u00e1 integrado por Marena Juncosa, Ana V\u00e1zquez, Karinne Tirado, Sebastian Chirinos, Jes\u00fas Castro y Joaqu\u00edn S\u00e1nchez.<\/p>\n<p style=\"text-align: justify;\">La karateca Yorgelis Salazar, el equipo de entrenadores de la selecci\u00f3n nacional juvenil y directivos de la Federaci\u00f3n dirigir\u00e1n una preparaci\u00f3n de seis meses, antes de perseguir el t\u00edtulo Panamericano. Salazar expres\u00f3 emoci\u00f3n ante la posibilidad de aportar sus conocimientos al desarrollo de la generaci\u00f3n de relevo de karate en el pa\u00eds. \u201cPara m\u00ed es un orgullo, poder ser parte de la preparaci\u00f3n de los ni\u00f1os, poder aportar un poco de lo que he aprendido en el transcurso de mi carrera deportiva, y siento que puede ser de gran ayuda para ellos\u201d, declar\u00f3 la atleta.<\/p>\n<p style=\"text-align: justify;\">Como parte de su formaci\u00f3n, la delegaci\u00f3n asistir\u00e1 a la Copa Internacional Francisco de Miranda 2025, evento que se realizar\u00e1 desde el 26 de febrero al 2 de marzo, en el Gimnasio Jos\u00e9 Joaqu\u00edn \u00abPap\u00e1\u00bb Carrillo. Asimismo, se presentar\u00e1n en paradas internacionales como la Youth League a realizarse en abril en Espa\u00f1a, y al Campeonato Panamericano U21 y Senior que ser\u00e1 en Monterrey, M\u00e9xico.<\/p>\n<p style=\"text-align: justify;\">Adem\u00e1s, tendr\u00e1n una base de preparaci\u00f3n en N\u00e1poles, Italia, durante el mes de junio. Asistir\u00e1n tambi\u00e9n al Youth League en Croacia desde 26 al 29 de junio, y antes de partir a Paraguay para los Panamericanos Junior, se presentar\u00e1n en la Copa Internacional Sim\u00f3n Bol\u00edvar a desarrollarse en Parque Miranda, para el mes de agosto.<\/p>\n<p>&nbsp;<\/p>\n<p>&nbsp;<\/p>\n<h6>VTV<\/h6>\n","protected":false},"excerpt":{"rendered":"<p>La delegaci\u00f3n venezolana de karate clasificada para los Juegos Panamericanos Junior de Paraguay 2025, comenz\u00f3 su base de preparaci\u00f3n en el Gimnasio Antonio D\u00edaz del Instituto Nacional de Deporte (IND),&hellip; <\/p>\n","protected":false},"author":7,"featured_media":42470,"comment_status":"closed","ping_status":"closed","sticky":false,"template":"","format":"standard","meta":{"footnotes":""},"categories":[44],"tags":[],"class_list":["post-42469","post","type-post","status-publish","format-standard","has-post-thumbnail","hentry","category-deportes"],"_links":{"self":[{"href":"https:\/\/ciudadtrujillo.com\/index.php?rest_route=\/wp\/v2\/posts\/42469","targetHints":{"allow":["GET"]}}],"collection":[{"href":"https:\/\/ciudadtrujillo.com\/index.php?rest_route=\/wp\/v2\/posts"}],"about":[{"href":"https:\/\/ciudadtrujillo.com\/index.php?rest_route=\/wp\/v2\/types\/post"}],"author":[{"embeddable":true,"href":"https:\/\/ciudadtrujillo.com\/index.php?rest_route=\/wp\/v2\/users\/7"}],"replies":[{"embeddable":true,"href":"https:\/\/ciudadtrujillo.com\/index.php?rest_route=%2Fwp%2Fv2%2Fcomments&post=42469"}],"version-history":[{"count":1,"href":"https:\/\/ciudadtrujillo.com\/index.php?rest_route=\/wp\/v2\/posts\/42469\/revisions"}],"predecessor-version":[{"id":42471,"href":"https:\/\/ciudadtrujillo.com\/index.php?rest_route=\/wp\/v2\/posts\/42469\/revisions\/42471"}],"wp:featuredmedia":[{"embeddable":true,"href":"https:\/\/ciudadtrujillo.com\/index.php?rest_route=\/wp\/v2\/media\/42470"}],"wp:attachment":[{"href":"https:\/\/ciudadtrujillo.com\/index.php?rest_route=%2Fwp%2Fv2%2Fmedia&parent=42469"}],"wp:term":[{"taxonomy":"category","embeddable":true,"href":"https:\/\/ciudadtrujillo.com\/index.php?rest_route=%2Fwp%2Fv2%2Fcategories&post=42469"},{"taxonomy":"post_tag","embeddable":true,"href":"https:\/\/ciudadtrujillo.com\/index.php?rest_route=%2Fwp%2Fv2%2Ftags&post=42469"}],"curies":[{"name":"wp","href":"https:\/\/api.w.org\/{rel}","templated":true}]}}