{"id":42452,"date":"2025-02-19T21:13:54","date_gmt":"2025-02-20T01:13:54","guid":{"rendered":"https:\/\/ciudadtrujillo.com\/?p=42452"},"modified":"2025-02-19T21:13:54","modified_gmt":"2025-02-20T01:13:54","slug":"gobierno-de-trujillo-interviene-77-km-de-via-en-tramo-el-cruce-bocono","status":"publish","type":"post","link":"https:\/\/ciudadtrujillo.com\/?p=42452","title":{"rendered":"Gobierno de Trujillo interviene 77 Km de v\u00eda en tramo El Cruce &#8211; Bocon\u00f3"},"content":{"rendered":"<p style=\"text-align: justify;\">Tal como lo anunci\u00f3 recientemente el gobernador Gerardo M\u00e1rquez, este mi\u00e9rcoles inici\u00f3 el abordaje integral del tramo El Cruce &#8211; Bocon\u00f3, interviniendo 77 kil\u00f3metros de carretera como parte de los proyectos de vialidad que lleva adelante el Gobierno Bolivariano de Trujillo con el apoyo del Presidente Nicol\u00e1s Maduro.<\/p>\n<p style=\"text-align: justify;\">As\u00ed lo inform\u00f3 el director estadal del Ministerio de Transporte, Cnel. Elvis Jerez, durante el despliegue del ejecutivo regional, liderado por el My. Gerardo M\u00e1rquez, en el sector Los Chorros del municipio Pamp\u00e1n, donde arrancaron las labores de asfaltado, limpieza de laterales y cunetas, as\u00ed como el acondicionamiento de la vialidad.<\/p>\n<p style=\"text-align: justify;\">Jerez resalt\u00f3 que en esta intervenci\u00f3n ser\u00e1n colocadas aproximadamente 30 mil toneladas de asfalto a lo largo de esta v\u00eda perteneciente a la Troncal 007, as\u00ed como el desarrollo de obras hidr\u00e1ulicas que son preponderantes y el alcantarillado. \u00abUna atenci\u00f3n con el acompa\u00f1amiento de todas las instituciones y empresas gubernamentales como un esfuerzo mancomunado (&#8230;) son cuatro grandes tramos del eje carretero que abordaremos en este plan no solamente para impulsar la recuperaci\u00f3n vial sino dar realce al aspecto tur\u00edstico y agroecol\u00f3gico\u00bb, dijo.<\/p>\n<p style=\"text-align: justify;\">Por su parte, el presidente de la Empresa de Asfalto del estado Trujillo (Emastru), Jos\u00e9 Humberto Saavedra, asever\u00f3 que en la zona se ha desplegado la maquinaria necesaria con el personal t\u00e9cnico y obrero para llevar a cabo las labores de pavimentaci\u00f3n, limpieza, demarcaci\u00f3n y colocaci\u00f3n de tachas reflectivas.<\/p>\n<p>&nbsp;<\/p>\n<p>&nbsp;<\/p>\n<h6>Yelimar Hidalgo\/Gr\u00e1ficas: David Vasquez \/ Samuel Torres<\/h6>\n","protected":false},"excerpt":{"rendered":"<p>Tal como lo anunci\u00f3 recientemente el gobernador Gerardo M\u00e1rquez, este mi\u00e9rcoles inici\u00f3 el abordaje integral del tramo El Cruce &#8211; Bocon\u00f3, interviniendo 77 kil\u00f3metros de carretera como parte de los&hellip; <\/p>\n","protected":false},"author":7,"featured_media":42454,"comment_status":"closed","ping_status":"closed","sticky":false,"template":"","format":"standard","meta":{"footnotes":""},"categories":[40],"tags":[],"class_list":["post-42452","post","type-post","status-publish","format-standard","has-post-thumbnail","hentry","category-grantrujillo"],"_links":{"self":[{"href":"https:\/\/ciudadtrujillo.com\/index.php?rest_route=\/wp\/v2\/posts\/42452","targetHints":{"allow":["GET"]}}],"collection":[{"href":"https:\/\/ciudadtrujillo.com\/index.php?rest_route=\/wp\/v2\/posts"}],"about":[{"href":"https:\/\/ciudadtrujillo.com\/index.php?rest_route=\/wp\/v2\/types\/post"}],"author":[{"embeddable":true,"href":"https:\/\/ciudadtrujillo.com\/index.php?rest_route=\/wp\/v2\/users\/7"}],"replies":[{"embeddable":true,"href":"https:\/\/ciudadtrujillo.com\/index.php?rest_route=%2Fwp%2Fv2%2Fcomments&post=42452"}],"version-history":[{"count":1,"href":"https:\/\/ciudadtrujillo.com\/index.php?rest_route=\/wp\/v2\/posts\/42452\/revisions"}],"predecessor-version":[{"id":42455,"href":"https:\/\/ciudadtrujillo.com\/index.php?rest_route=\/wp\/v2\/posts\/42452\/revisions\/42455"}],"wp:featuredmedia":[{"embeddable":true,"href":"https:\/\/ciudadtrujillo.com\/index.php?rest_route=\/wp\/v2\/media\/42454"}],"wp:attachment":[{"href":"https:\/\/ciudadtrujillo.com\/index.php?rest_route=%2Fwp%2Fv2%2Fmedia&parent=42452"}],"wp:term":[{"taxonomy":"category","embeddable":true,"href":"https:\/\/ciudadtrujillo.com\/index.php?rest_route=%2Fwp%2Fv2%2Fcategories&post=42452"},{"taxonomy":"post_tag","embeddable":true,"href":"https:\/\/ciudadtrujillo.com\/index.php?rest_route=%2Fwp%2Fv2%2Ftags&post=42452"}],"curies":[{"name":"wp","href":"https:\/\/api.w.org\/{rel}","templated":true}]}}