{"id":42446,"date":"2025-02-19T21:01:08","date_gmt":"2025-02-20T01:01:08","guid":{"rendered":"https:\/\/ciudadtrujillo.com\/?p=42446"},"modified":"2025-02-19T21:01:08","modified_gmt":"2025-02-20T01:01:08","slug":"mas-de-100-productores-de-carache-atendidos-con-distribucion-de-34-mil-litros-de-diesel","status":"publish","type":"post","link":"https:\/\/ciudadtrujillo.com\/?p=42446","title":{"rendered":"M\u00e1s de 100 productores de Carache atendidos con distribuci\u00f3n de 34 mil litros de Diesel"},"content":{"rendered":"<p style=\"text-align: justify;\">Como parte de las orientaciones del Presidente Nicol\u00e1s Maduro y del gobernador Gerardo M\u00e1rquez, se han organizado dos jornadas de atenci\u00f3n especial con Diesel para unos 100 productores de Carache con m\u00e1s de 34 mil litros de combustible despachados.<\/p>\n<p style=\"text-align: justify;\">Los productores de Santa Cruz surtieron de manera organizada en la estaci\u00f3n de servicio La Libertad. Esta atenci\u00f3n permite que los campesinos saquen sus cosechas de manera satisfactoria y as\u00ed garantizar la seguridad agroalimentaria.<\/p>\n<p>&nbsp;<\/p>\n<p>&nbsp;<\/p>\n<h6>Eliph Catalina Fern\u00e1ndez<\/h6>\n","protected":false},"excerpt":{"rendered":"<p>Como parte de las orientaciones del Presidente Nicol\u00e1s Maduro y del gobernador Gerardo M\u00e1rquez, se han organizado dos jornadas de atenci\u00f3n especial con Diesel para unos 100 productores de Carache&hellip; <\/p>\n","protected":false},"author":7,"featured_media":42447,"comment_status":"closed","ping_status":"closed","sticky":false,"template":"","format":"standard","meta":{"footnotes":""},"categories":[40],"tags":[],"class_list":["post-42446","post","type-post","status-publish","format-standard","has-post-thumbnail","hentry","category-grantrujillo"],"_links":{"self":[{"href":"https:\/\/ciudadtrujillo.com\/index.php?rest_route=\/wp\/v2\/posts\/42446","targetHints":{"allow":["GET"]}}],"collection":[{"href":"https:\/\/ciudadtrujillo.com\/index.php?rest_route=\/wp\/v2\/posts"}],"about":[{"href":"https:\/\/ciudadtrujillo.com\/index.php?rest_route=\/wp\/v2\/types\/post"}],"author":[{"embeddable":true,"href":"https:\/\/ciudadtrujillo.com\/index.php?rest_route=\/wp\/v2\/users\/7"}],"replies":[{"embeddable":true,"href":"https:\/\/ciudadtrujillo.com\/index.php?rest_route=%2Fwp%2Fv2%2Fcomments&post=42446"}],"version-history":[{"count":1,"href":"https:\/\/ciudadtrujillo.com\/index.php?rest_route=\/wp\/v2\/posts\/42446\/revisions"}],"predecessor-version":[{"id":42448,"href":"https:\/\/ciudadtrujillo.com\/index.php?rest_route=\/wp\/v2\/posts\/42446\/revisions\/42448"}],"wp:featuredmedia":[{"embeddable":true,"href":"https:\/\/ciudadtrujillo.com\/index.php?rest_route=\/wp\/v2\/media\/42447"}],"wp:attachment":[{"href":"https:\/\/ciudadtrujillo.com\/index.php?rest_route=%2Fwp%2Fv2%2Fmedia&parent=42446"}],"wp:term":[{"taxonomy":"category","embeddable":true,"href":"https:\/\/ciudadtrujillo.com\/index.php?rest_route=%2Fwp%2Fv2%2Fcategories&post=42446"},{"taxonomy":"post_tag","embeddable":true,"href":"https:\/\/ciudadtrujillo.com\/index.php?rest_route=%2Fwp%2Fv2%2Ftags&post=42446"}],"curies":[{"name":"wp","href":"https:\/\/api.w.org\/{rel}","templated":true}]}}