{"id":42443,"date":"2025-02-19T20:51:31","date_gmt":"2025-02-20T00:51:31","guid":{"rendered":"https:\/\/ciudadtrujillo.com\/?p=42443"},"modified":"2025-02-19T20:51:31","modified_gmt":"2025-02-20T00:51:31","slug":"inces-regional-se-reune-con-empresas-privadas-para-fortalecer-alianzas","status":"publish","type":"post","link":"https:\/\/ciudadtrujillo.com\/?p=42443","title":{"rendered":"Inces regional se re\u00fane con empresas privadas para fortalecer alianzas"},"content":{"rendered":"<p style=\"text-align: justify;\">\n<p style=\"text-align: justify;\">Con m\u00e1s de 70 empresas que participaron en un encuentro con autoridades del Inces se socializaron procesos formativos y entregaron certificados y estudios de cumplimiento correspondientes al a\u00f1o 2024 y tambi\u00e9n se establecieron acuerdos para el inicio del trimestre. La actividad se llev\u00f3 a cabo en el Centro de Formaci\u00f3n Socialista Al\u00ed Primera para fortalecer los lazos entre el sector educativo y empresarial.<\/p>\n<p>Durante la reuni\u00f3n, se socializaron los acuerdos sobre procesos de formaci\u00f3n disponibles en las diferentes alternativas del programa, adem\u00e1s de hacer entrega formal de los certificados y estudios de cumplimiento correspondientes al a\u00f1o 2024.<\/p>\n<p style=\"text-align: justify;\">El gerente regional del Inces Trujillo, Alexis Brice\u00f1o, expres\u00f3 en el encuentro la importancia de formar a los j\u00f3venes involucrados en el programa nacional de aprendizaje, \u201cEstos acuerdos, obligaciones y beneficios son fundamentales para el desarrollo profesional y personal de los j\u00f3venes. La educaci\u00f3n debe ser un proceso integral que los prepare para enfrentar los desaf\u00edos del mundo laboral\u00bb, afirm\u00f3 Brice\u00f1o, subrayando el compromiso del Inces en brindar las herramientas necesarias para su \u00e9xito.<\/p>\n<p style=\"text-align: justify;\">El compromiso del Inces regi\u00f3n Trujillo con el desarrollo de los j\u00f3venes vinculados al Programa Nacional de Aprendizaje (PNA), promueve su formaci\u00f3n integral y fortalece las alianzas estrat\u00e9gicas entre las empresas y el sector educativo. Este esfuerzo conjunto busca garantizar que los participantes adquieran las competencias necesarias para integrarse al mercado laboral y contribuir al crecimiento productivo.<\/p>\n<p>&nbsp;<\/p>\n<p>&nbsp;<\/p>\n<h6>Prensa Inces regi\u00f3n Trujillo<\/h6>\n","protected":false},"excerpt":{"rendered":"<p>Con m\u00e1s de 70 empresas que participaron en un encuentro con autoridades del Inces se socializaron procesos formativos y entregaron certificados y estudios de cumplimiento correspondientes al a\u00f1o 2024 y&hellip; <\/p>\n","protected":false},"author":7,"featured_media":42444,"comment_status":"closed","ping_status":"closed","sticky":false,"template":"","format":"standard","meta":{"footnotes":""},"categories":[40],"tags":[],"class_list":["post-42443","post","type-post","status-publish","format-standard","has-post-thumbnail","hentry","category-grantrujillo"],"_links":{"self":[{"href":"https:\/\/ciudadtrujillo.com\/index.php?rest_route=\/wp\/v2\/posts\/42443","targetHints":{"allow":["GET"]}}],"collection":[{"href":"https:\/\/ciudadtrujillo.com\/index.php?rest_route=\/wp\/v2\/posts"}],"about":[{"href":"https:\/\/ciudadtrujillo.com\/index.php?rest_route=\/wp\/v2\/types\/post"}],"author":[{"embeddable":true,"href":"https:\/\/ciudadtrujillo.com\/index.php?rest_route=\/wp\/v2\/users\/7"}],"replies":[{"embeddable":true,"href":"https:\/\/ciudadtrujillo.com\/index.php?rest_route=%2Fwp%2Fv2%2Fcomments&post=42443"}],"version-history":[{"count":1,"href":"https:\/\/ciudadtrujillo.com\/index.php?rest_route=\/wp\/v2\/posts\/42443\/revisions"}],"predecessor-version":[{"id":42445,"href":"https:\/\/ciudadtrujillo.com\/index.php?rest_route=\/wp\/v2\/posts\/42443\/revisions\/42445"}],"wp:featuredmedia":[{"embeddable":true,"href":"https:\/\/ciudadtrujillo.com\/index.php?rest_route=\/wp\/v2\/media\/42444"}],"wp:attachment":[{"href":"https:\/\/ciudadtrujillo.com\/index.php?rest_route=%2Fwp%2Fv2%2Fmedia&parent=42443"}],"wp:term":[{"taxonomy":"category","embeddable":true,"href":"https:\/\/ciudadtrujillo.com\/index.php?rest_route=%2Fwp%2Fv2%2Fcategories&post=42443"},{"taxonomy":"post_tag","embeddable":true,"href":"https:\/\/ciudadtrujillo.com\/index.php?rest_route=%2Fwp%2Fv2%2Ftags&post=42443"}],"curies":[{"name":"wp","href":"https:\/\/api.w.org\/{rel}","templated":true}]}}