{"id":42440,"date":"2025-02-19T20:49:04","date_gmt":"2025-02-20T00:49:04","guid":{"rendered":"https:\/\/ciudadtrujillo.com\/?p=42440"},"modified":"2025-02-19T20:49:04","modified_gmt":"2025-02-20T00:49:04","slug":"fundacite-promueve-formacion-cientifica-a-mujeres-y-ninas-trujillanas","status":"publish","type":"post","link":"https:\/\/ciudadtrujillo.com\/?p=42440","title":{"rendered":"Fundacite promueve formaci\u00f3n cient\u00edfica a mujeres y ni\u00f1as trujillanas"},"content":{"rendered":"<p style=\"text-align: justify;\">\nIntegrantes de la Fundaci\u00f3n para el Desarrollo de la Ciencia y la Tecnolog\u00eda (Fundacite) del estado Trujillo celebraron el D\u00eda de la Mujer y Ni\u00f1a en la Ciencia con dos encuentros para promover la importancia de la inclusi\u00f3n y formaci\u00f3n en esta \u00e1rea.<br \/>\nLa primera actividad se realiz\u00f3 en la Escuela Ciudad de Valera, donde las ni\u00f1as de la instituci\u00f3n conocieron el papel que jugaron mujeres como AnaMar\u00eda Font y Marie Curie, ambas figuras emblem\u00e1ticas y pioneras en el mundo de la f\u00edsica. De igual forma, participaron en charlas formativas donde aprendieron sobre qu\u00edmica, biolog\u00eda y astronom\u00eda.<\/p>\n<p style=\"text-align: justify;\">El segundo encuentro se realiz\u00f3 en la sede de Fundacite Trujillo, donde se llev\u00f3 a cabo una charla a trabajadoras de Fundacite, Venezolana del Vidrio (Venvidrio) y Fundaci\u00f3n Infocentro.<\/p>\n<p style=\"text-align: justify;\">En esta jornada, se discutieron indicadores que evidencian el avance de la mujer venezolana en la investigaci\u00f3n y se destac\u00f3 la institucionalidad que apoya su presencia en diversos sectores, al proporcionar espacios para su crecimiento personal y profesional.<\/p>\n<p style=\"text-align: justify;\">Adem\u00e1s, se present\u00f3 el Programa Nacional \u00abSemilleros Cient\u00edficos\u00bb, que busca incentivar vocaciones tempranas en las \u00e1reas cient\u00edficas, y se invit\u00f3 a participar en el Registro Venezolano de Ciencia, Tecnolog\u00eda e Innovaci\u00f3n (Recitven) para acceder a becas que fortalezcan la formaci\u00f3n profesional.<\/p>\n<p style=\"text-align: justify;\">El Gobierno Bolivariano promueve pol\u00edticas y medidas que fomentan la inclusi\u00f3n, la diversidad y la equidad que se ven potenciadas a trav\u00e9s de la Gran Misi\u00f3n Ciencia, Tecnolog\u00eda e Innovaci\u00f3n \u201cDr. Humberto Fern\u00e1ndez-Mor\u00e1n\u201d, desde una perspectiva de ciencia abierta.<\/p>\n<p>&nbsp;<\/p>\n<p>&nbsp;<\/p>\n<h6>VTV<\/h6>\n","protected":false},"excerpt":{"rendered":"<p>Integrantes de la Fundaci\u00f3n para el Desarrollo de la Ciencia y la Tecnolog\u00eda (Fundacite) del estado Trujillo celebraron el D\u00eda de la Mujer y Ni\u00f1a en la Ciencia con dos&hellip; <\/p>\n","protected":false},"author":7,"featured_media":42441,"comment_status":"closed","ping_status":"closed","sticky":false,"template":"","format":"standard","meta":{"footnotes":""},"categories":[40],"tags":[],"class_list":["post-42440","post","type-post","status-publish","format-standard","has-post-thumbnail","hentry","category-grantrujillo"],"_links":{"self":[{"href":"https:\/\/ciudadtrujillo.com\/index.php?rest_route=\/wp\/v2\/posts\/42440","targetHints":{"allow":["GET"]}}],"collection":[{"href":"https:\/\/ciudadtrujillo.com\/index.php?rest_route=\/wp\/v2\/posts"}],"about":[{"href":"https:\/\/ciudadtrujillo.com\/index.php?rest_route=\/wp\/v2\/types\/post"}],"author":[{"embeddable":true,"href":"https:\/\/ciudadtrujillo.com\/index.php?rest_route=\/wp\/v2\/users\/7"}],"replies":[{"embeddable":true,"href":"https:\/\/ciudadtrujillo.com\/index.php?rest_route=%2Fwp%2Fv2%2Fcomments&post=42440"}],"version-history":[{"count":1,"href":"https:\/\/ciudadtrujillo.com\/index.php?rest_route=\/wp\/v2\/posts\/42440\/revisions"}],"predecessor-version":[{"id":42442,"href":"https:\/\/ciudadtrujillo.com\/index.php?rest_route=\/wp\/v2\/posts\/42440\/revisions\/42442"}],"wp:featuredmedia":[{"embeddable":true,"href":"https:\/\/ciudadtrujillo.com\/index.php?rest_route=\/wp\/v2\/media\/42441"}],"wp:attachment":[{"href":"https:\/\/ciudadtrujillo.com\/index.php?rest_route=%2Fwp%2Fv2%2Fmedia&parent=42440"}],"wp:term":[{"taxonomy":"category","embeddable":true,"href":"https:\/\/ciudadtrujillo.com\/index.php?rest_route=%2Fwp%2Fv2%2Fcategories&post=42440"},{"taxonomy":"post_tag","embeddable":true,"href":"https:\/\/ciudadtrujillo.com\/index.php?rest_route=%2Fwp%2Fv2%2Ftags&post=42440"}],"curies":[{"name":"wp","href":"https:\/\/api.w.org\/{rel}","templated":true}]}}