{"id":42429,"date":"2025-02-19T20:02:31","date_gmt":"2025-02-20T00:02:31","guid":{"rendered":"https:\/\/ciudadtrujillo.com\/?p=42429"},"modified":"2025-02-19T20:02:31","modified_gmt":"2025-02-20T00:02:31","slug":"cne-fija-el-25-de-mayo-como-nueva-fecha-de-las-legislativas-y-regionales","status":"publish","type":"post","link":"https:\/\/ciudadtrujillo.com\/?p=42429","title":{"rendered":"CNE fija el 25 de mayo como nueva fecha de las Legislativas y Regionales"},"content":{"rendered":"<p style=\"text-align: justify;\">El presidente del Consejo Nacional Electoral (CNE), Elvis Amoroso, anunci\u00f3 este mi\u00e9rcoles un ajuste al cronograma electoral y de esta manera el pr\u00f3ximo 25 de mayo de 2025 se realizar\u00e1n las elecciones para diputados y diputadas de la Asamblea Nacional (AN), as\u00ed como de los gobernadores y gobernadoras de los estados y de las legisladoras y legisladores de los Consejos Legislativos regionales.<\/p>\n<p style=\"text-align: justify;\">En una lectura del comunicado oficial, el m\u00e1ximo representante del Poder Electoral expres\u00f3 que se ha decidido fijar nueva fecha con la intenci\u00f3n de facilitar y promover la participaci\u00f3n de los diferentes actores de la sociedad. Asimismo, inform\u00f3 que la segunda Consulta Popular Nacional se llevar\u00e1 a cabo el 27 de abril.<\/p>\n<p style=\"text-align: justify;\">El CNE ratific\u00f3 su compromiso de garantizar el derecho al sufragio y a la participaci\u00f3n pol\u00edtica, as\u00ed como el de hacer efectivos los principios de transparencia, igualdad, confiabilidad, imparcialidad y eficiencia de los procesos electorales establecidos en el art\u00edculo 293 constitucional.<\/p>\n<p style=\"text-align: justify;\">Tales elecciones se realizan en consecuencia de que este 2025 se cumplen los per\u00edodos constitucionales de los diputados y diputadas de la Asamblea Nacional, as\u00ed como de los gobernadores y gobernadoras de los estados, de las alcaldesas y alcaldes municipales y de los diputados y diputadas de los consejos legislativos regionales y concejos municipales.<\/p>\n<p>&nbsp;<\/p>\n<p>&nbsp;<\/p>\n<h6>VTV<\/h6>\n","protected":false},"excerpt":{"rendered":"<p>El presidente del Consejo Nacional Electoral (CNE), Elvis Amoroso, anunci\u00f3 este mi\u00e9rcoles un ajuste al cronograma electoral y de esta manera el pr\u00f3ximo 25 de mayo de 2025 se realizar\u00e1n&hellip; <\/p>\n","protected":false},"author":7,"featured_media":42430,"comment_status":"closed","ping_status":"closed","sticky":false,"template":"","format":"standard","meta":{"footnotes":""},"categories":[41],"tags":[],"class_list":["post-42429","post","type-post","status-publish","format-standard","has-post-thumbnail","hentry","category-pais"],"_links":{"self":[{"href":"https:\/\/ciudadtrujillo.com\/index.php?rest_route=\/wp\/v2\/posts\/42429","targetHints":{"allow":["GET"]}}],"collection":[{"href":"https:\/\/ciudadtrujillo.com\/index.php?rest_route=\/wp\/v2\/posts"}],"about":[{"href":"https:\/\/ciudadtrujillo.com\/index.php?rest_route=\/wp\/v2\/types\/post"}],"author":[{"embeddable":true,"href":"https:\/\/ciudadtrujillo.com\/index.php?rest_route=\/wp\/v2\/users\/7"}],"replies":[{"embeddable":true,"href":"https:\/\/ciudadtrujillo.com\/index.php?rest_route=%2Fwp%2Fv2%2Fcomments&post=42429"}],"version-history":[{"count":1,"href":"https:\/\/ciudadtrujillo.com\/index.php?rest_route=\/wp\/v2\/posts\/42429\/revisions"}],"predecessor-version":[{"id":42431,"href":"https:\/\/ciudadtrujillo.com\/index.php?rest_route=\/wp\/v2\/posts\/42429\/revisions\/42431"}],"wp:featuredmedia":[{"embeddable":true,"href":"https:\/\/ciudadtrujillo.com\/index.php?rest_route=\/wp\/v2\/media\/42430"}],"wp:attachment":[{"href":"https:\/\/ciudadtrujillo.com\/index.php?rest_route=%2Fwp%2Fv2%2Fmedia&parent=42429"}],"wp:term":[{"taxonomy":"category","embeddable":true,"href":"https:\/\/ciudadtrujillo.com\/index.php?rest_route=%2Fwp%2Fv2%2Fcategories&post=42429"},{"taxonomy":"post_tag","embeddable":true,"href":"https:\/\/ciudadtrujillo.com\/index.php?rest_route=%2Fwp%2Fv2%2Ftags&post=42429"}],"curies":[{"name":"wp","href":"https:\/\/api.w.org\/{rel}","templated":true}]}}