{"id":42415,"date":"2025-02-18T22:51:29","date_gmt":"2025-02-19T02:51:29","guid":{"rendered":"https:\/\/ciudadtrujillo.com\/?p=42415"},"modified":"2025-02-18T22:51:29","modified_gmt":"2025-02-19T02:51:29","slug":"presentadas-a-la-prensa-candidatas-al-reinado-de-carnaval-del-gobierno-de-trujillo","status":"publish","type":"post","link":"https:\/\/ciudadtrujillo.com\/?p=42415","title":{"rendered":"Presentadas a la prensa candidatas al Reinado de Carnaval del Gobierno de Trujillo"},"content":{"rendered":"<p style=\"text-align: justify;\">20 hermosas ni\u00f1as que representan a los municipios de la regi\u00f3n en el Reinado de Carnaval de la Direcci\u00f3n Regional El Ni\u00f1o Sim\u00f3n Trujillo se presentaron a los medios de comunicaci\u00f3n en un distinguido restaurante del Parque Los Ilustres de Valera.<\/p>\n<p style=\"text-align: justify;\">Con gracia las ni\u00f1as, entre 7 y 11 a\u00f1os, demostraron su talento ante los periodistas, representantes y p\u00fablico en general. Realizaron una presentaci\u00f3n dancistica junto a las ni\u00f1as de Valera Baila y de manera espont\u00e1nea respondieron las preguntas del jurado, conformado por la Lcda. Reyna P\u00e9rez de M\u00e1rquez, primera combatiente de Trujillo; Edith Azuaje, jefa de Prensa Gobernaci\u00f3n; Rebeca Viloria, corresponsal de \u00daltimas Noticias; Daniela Acosta, gerente general del Sistema Global de Venezuela y Rossiel Hurtado, corresponsal de Canal I en la entidad.<\/p>\n<p style=\"text-align: justify;\">P\u00e9rez de M\u00e1rquez elogi\u00f3 el talento de estas candidatas e invit\u00f3 a la coronaci\u00f3n el 26 de febrero en el Foro Bolivariano. Exalt\u00f3 la preparaci\u00f3n de las ni\u00f1as durante las \u00faltimas semanas en pasarela, oratoria y baile. Felicit\u00f3 adem\u00e1s a sus profesores que las hicieron brillar.<\/p>\n<p>&nbsp;<\/p>\n<p>&nbsp;<\/p>\n<h6>Ciudad Trujillo\/Gr\u00e1ficas: David Vasquez<\/h6>\n","protected":false},"excerpt":{"rendered":"<p>20 hermosas ni\u00f1as que representan a los municipios de la regi\u00f3n en el Reinado de Carnaval de la Direcci\u00f3n Regional El Ni\u00f1o Sim\u00f3n Trujillo se presentaron a los medios de&hellip; <\/p>\n","protected":false},"author":7,"featured_media":42416,"comment_status":"closed","ping_status":"closed","sticky":false,"template":"","format":"standard","meta":{"footnotes":""},"categories":[40],"tags":[],"class_list":["post-42415","post","type-post","status-publish","format-standard","has-post-thumbnail","hentry","category-grantrujillo"],"_links":{"self":[{"href":"https:\/\/ciudadtrujillo.com\/index.php?rest_route=\/wp\/v2\/posts\/42415","targetHints":{"allow":["GET"]}}],"collection":[{"href":"https:\/\/ciudadtrujillo.com\/index.php?rest_route=\/wp\/v2\/posts"}],"about":[{"href":"https:\/\/ciudadtrujillo.com\/index.php?rest_route=\/wp\/v2\/types\/post"}],"author":[{"embeddable":true,"href":"https:\/\/ciudadtrujillo.com\/index.php?rest_route=\/wp\/v2\/users\/7"}],"replies":[{"embeddable":true,"href":"https:\/\/ciudadtrujillo.com\/index.php?rest_route=%2Fwp%2Fv2%2Fcomments&post=42415"}],"version-history":[{"count":1,"href":"https:\/\/ciudadtrujillo.com\/index.php?rest_route=\/wp\/v2\/posts\/42415\/revisions"}],"predecessor-version":[{"id":42417,"href":"https:\/\/ciudadtrujillo.com\/index.php?rest_route=\/wp\/v2\/posts\/42415\/revisions\/42417"}],"wp:featuredmedia":[{"embeddable":true,"href":"https:\/\/ciudadtrujillo.com\/index.php?rest_route=\/wp\/v2\/media\/42416"}],"wp:attachment":[{"href":"https:\/\/ciudadtrujillo.com\/index.php?rest_route=%2Fwp%2Fv2%2Fmedia&parent=42415"}],"wp:term":[{"taxonomy":"category","embeddable":true,"href":"https:\/\/ciudadtrujillo.com\/index.php?rest_route=%2Fwp%2Fv2%2Fcategories&post=42415"},{"taxonomy":"post_tag","embeddable":true,"href":"https:\/\/ciudadtrujillo.com\/index.php?rest_route=%2Fwp%2Fv2%2Ftags&post=42415"}],"curies":[{"name":"wp","href":"https:\/\/api.w.org\/{rel}","templated":true}]}}