{"id":42412,"date":"2025-02-18T20:52:13","date_gmt":"2025-02-19T00:52:13","guid":{"rendered":"https:\/\/ciudadtrujillo.com\/?p=42412"},"modified":"2025-02-18T20:52:13","modified_gmt":"2025-02-19T00:52:13","slug":"inicia-en-bocono-plan-de-saturacion-de-gas-con-planta-movil-nacional","status":"publish","type":"post","link":"https:\/\/ciudadtrujillo.com\/?p=42412","title":{"rendered":"Inicia en Bocon\u00f3 Plan de Saturaci\u00f3n de Gas con planta m\u00f3vil nacional"},"content":{"rendered":"<p style=\"text-align: justify;\">Como parte de la respuesta inmediata a las solicitudes del pueblo, tal como hab\u00eda orientado el gobernador Gerardo M\u00e1rquez y gracias al apoyo del Presidente Nicol\u00e1s Maduro, en Bocon\u00f3 inici\u00f3 el Plan Especial de Saturaci\u00f3n de Gas que abordar\u00e1 las 12 parroquias del municipio a trav\u00e9s del despliegue de la planta m\u00f3vil de PDVSA Gas Comunal.<\/p>\n<p style=\"text-align: justify;\">Dicho plan permitir\u00e1 la atenci\u00f3n de los 290 Comit\u00e9s Locales de Abastecimiento y Producci\u00f3n (CLAP) que conforman la localidad.<\/p>\n<p style=\"text-align: justify;\">Cabe mencionar que el abordaje fue instruido por el mandatario regional durante la edici\u00f3n n\u00b0 125 del programa \u201c\u00a1H\u00e1blame, Gerardo!\u201d, transmitida desde el Jard\u00edn de Venezuela, en aras de fortalecer el servicio de GLP y la atenci\u00f3n al pueblo.<\/p>\n<p>&nbsp;<\/p>\n<p>&nbsp;<\/p>\n<h6>Prensa Trujillo Gas Comunal\/ Yarlenis Albarr\u00e1n<\/h6>\n","protected":false},"excerpt":{"rendered":"<p>Como parte de la respuesta inmediata a las solicitudes del pueblo, tal como hab\u00eda orientado el gobernador Gerardo M\u00e1rquez y gracias al apoyo del Presidente Nicol\u00e1s Maduro, en Bocon\u00f3 inici\u00f3&hellip; <\/p>\n","protected":false},"author":7,"featured_media":42413,"comment_status":"closed","ping_status":"closed","sticky":false,"template":"","format":"standard","meta":{"footnotes":""},"categories":[52,40],"tags":[],"class_list":["post-42412","post","type-post","status-publish","format-standard","has-post-thumbnail","hentry","category-destacadas","category-grantrujillo"],"_links":{"self":[{"href":"https:\/\/ciudadtrujillo.com\/index.php?rest_route=\/wp\/v2\/posts\/42412","targetHints":{"allow":["GET"]}}],"collection":[{"href":"https:\/\/ciudadtrujillo.com\/index.php?rest_route=\/wp\/v2\/posts"}],"about":[{"href":"https:\/\/ciudadtrujillo.com\/index.php?rest_route=\/wp\/v2\/types\/post"}],"author":[{"embeddable":true,"href":"https:\/\/ciudadtrujillo.com\/index.php?rest_route=\/wp\/v2\/users\/7"}],"replies":[{"embeddable":true,"href":"https:\/\/ciudadtrujillo.com\/index.php?rest_route=%2Fwp%2Fv2%2Fcomments&post=42412"}],"version-history":[{"count":1,"href":"https:\/\/ciudadtrujillo.com\/index.php?rest_route=\/wp\/v2\/posts\/42412\/revisions"}],"predecessor-version":[{"id":42414,"href":"https:\/\/ciudadtrujillo.com\/index.php?rest_route=\/wp\/v2\/posts\/42412\/revisions\/42414"}],"wp:featuredmedia":[{"embeddable":true,"href":"https:\/\/ciudadtrujillo.com\/index.php?rest_route=\/wp\/v2\/media\/42413"}],"wp:attachment":[{"href":"https:\/\/ciudadtrujillo.com\/index.php?rest_route=%2Fwp%2Fv2%2Fmedia&parent=42412"}],"wp:term":[{"taxonomy":"category","embeddable":true,"href":"https:\/\/ciudadtrujillo.com\/index.php?rest_route=%2Fwp%2Fv2%2Fcategories&post=42412"},{"taxonomy":"post_tag","embeddable":true,"href":"https:\/\/ciudadtrujillo.com\/index.php?rest_route=%2Fwp%2Fv2%2Ftags&post=42412"}],"curies":[{"name":"wp","href":"https:\/\/api.w.org\/{rel}","templated":true}]}}