{"id":42409,"date":"2025-02-18T20:42:48","date_gmt":"2025-02-19T00:42:48","guid":{"rendered":"https:\/\/ciudadtrujillo.com\/?p=42409"},"modified":"2025-02-18T20:42:48","modified_gmt":"2025-02-19T00:42:48","slug":"primera-combatiente-reyna-perez-de-marquez-inaugura-parque-infantil-en-el-jardin-de-venezuela","status":"publish","type":"post","link":"https:\/\/ciudadtrujillo.com\/?p=42409","title":{"rendered":"Primera combatiente Reyna P\u00e9rez de M\u00e1rquez inaugura parque infantil en el Jard\u00edn de Venezuela"},"content":{"rendered":"<p style=\"text-align: justify;\">Este lunes, la primera combatiente y directora de la Direcci\u00f3n Regional \u00abEl Ni\u00f1o Sim\u00f3n\u00bb Trujillo, Lcda. Reyna P\u00e9rez de M\u00e1rquez, inaugur\u00f3 el parque infantil en el centro educativo Las Esperanzas, ubicado en el municipio Bocon\u00f3.<\/p>\n<p style=\"text-align: justify;\">Este parque infantil es un espacio de alegr\u00eda y diversi\u00f3n para los ni\u00f1os, con el prop\u00f3sito de fomentar el deporte.<\/p>\n<p style=\"text-align: justify;\">P\u00e9rez de M\u00e1rquez, indic\u00f3: \u00abEste es un sue\u00f1o hecho realidad, gracias al esfuerzo del gobernador Gerardo M\u00e1rquez, estoy agradecida con todo el personal de Direcci\u00f3n Regional \u00abEl Ni\u00f1o Sim\u00f3n\u00bb-Trujillo, porque somos un gran equipo, d\u00e9jeme decirles que para nosotros este centro educativo es modelo, gracias a todas las maestras, personal administrativo y obrero por su compromiso y dedicaci\u00f3n, resaltar que este centro de educaci\u00f3n inicial, atiende una matr\u00edcula de 170 ni\u00f1os y ni\u00f1as\u00bb.<\/p>\n<p style=\"text-align: justify;\">Los consentidos disfrutaron de una ma\u00f1ana divertida con juegos, golosinas y helados<\/p>\n<p>&nbsp;<\/p>\n<p>&nbsp;<\/p>\n<h6>Prensa DRNSTRU \/ Karelis Dur\u00e1n\/Gr\u00e1ficas: Mar\u00eda Fernanda Riera<\/h6>\n","protected":false},"excerpt":{"rendered":"<p>Este lunes, la primera combatiente y directora de la Direcci\u00f3n Regional \u00abEl Ni\u00f1o Sim\u00f3n\u00bb Trujillo, Lcda. Reyna P\u00e9rez de M\u00e1rquez, inaugur\u00f3 el parque infantil en el centro educativo Las Esperanzas,&hellip; <\/p>\n","protected":false},"author":7,"featured_media":42410,"comment_status":"closed","ping_status":"closed","sticky":false,"template":"","format":"standard","meta":{"footnotes":""},"categories":[40],"tags":[],"class_list":["post-42409","post","type-post","status-publish","format-standard","has-post-thumbnail","hentry","category-grantrujillo"],"_links":{"self":[{"href":"https:\/\/ciudadtrujillo.com\/index.php?rest_route=\/wp\/v2\/posts\/42409","targetHints":{"allow":["GET"]}}],"collection":[{"href":"https:\/\/ciudadtrujillo.com\/index.php?rest_route=\/wp\/v2\/posts"}],"about":[{"href":"https:\/\/ciudadtrujillo.com\/index.php?rest_route=\/wp\/v2\/types\/post"}],"author":[{"embeddable":true,"href":"https:\/\/ciudadtrujillo.com\/index.php?rest_route=\/wp\/v2\/users\/7"}],"replies":[{"embeddable":true,"href":"https:\/\/ciudadtrujillo.com\/index.php?rest_route=%2Fwp%2Fv2%2Fcomments&post=42409"}],"version-history":[{"count":1,"href":"https:\/\/ciudadtrujillo.com\/index.php?rest_route=\/wp\/v2\/posts\/42409\/revisions"}],"predecessor-version":[{"id":42411,"href":"https:\/\/ciudadtrujillo.com\/index.php?rest_route=\/wp\/v2\/posts\/42409\/revisions\/42411"}],"wp:featuredmedia":[{"embeddable":true,"href":"https:\/\/ciudadtrujillo.com\/index.php?rest_route=\/wp\/v2\/media\/42410"}],"wp:attachment":[{"href":"https:\/\/ciudadtrujillo.com\/index.php?rest_route=%2Fwp%2Fv2%2Fmedia&parent=42409"}],"wp:term":[{"taxonomy":"category","embeddable":true,"href":"https:\/\/ciudadtrujillo.com\/index.php?rest_route=%2Fwp%2Fv2%2Fcategories&post=42409"},{"taxonomy":"post_tag","embeddable":true,"href":"https:\/\/ciudadtrujillo.com\/index.php?rest_route=%2Fwp%2Fv2%2Ftags&post=42409"}],"curies":[{"name":"wp","href":"https:\/\/api.w.org\/{rel}","templated":true}]}}