{"id":42406,"date":"2025-02-18T20:39:51","date_gmt":"2025-02-19T00:39:51","guid":{"rendered":"https:\/\/ciudadtrujillo.com\/?p=42406"},"modified":"2025-02-18T20:39:51","modified_gmt":"2025-02-19T00:39:51","slug":"gobierno-regional-coloca-mil-tn-de-asfalto-en-tramo-sabana-de-mendoza-poco","status":"publish","type":"post","link":"https:\/\/ciudadtrujillo.com\/?p=42406","title":{"rendered":"Gobierno regional coloca mil TN de asfalto en tramo Sabana de Mendoza \u2013 Poc\u00f3"},"content":{"rendered":"<p style=\"text-align: justify;\">Tal como lo anunci\u00f3 el gobernador Gerardo M\u00e1rquez en la presentaci\u00f3n de su memoria y cuenta del 2024 en relaci\u00f3n a la recuperaci\u00f3n integral de la v\u00eda desde Sabana de Mendoza a Poc\u00f3 en el marco del Plan de Asfaltado 2025, el equipo de la Empresa de Asfalto de Trujillo (Emastru) desarrolla actualmente labores de pavimentaci\u00f3n en este importante tramo perteneciente a la Troncal 001.<\/p>\n<p style=\"text-align: justify;\">Un total de mil toneladas de mezcla asf\u00e1ltica han sido colocadas en carpeta corrida a la altura de Buena Vista (Monte Carmelo), interviniendo m\u00e1s de 5 kil\u00f3metros en la zona.<\/p>\n<p style=\"text-align: justify;\">De igual manera, el talento humano se ha desplegado con labores de limpieza de laterales de la v\u00eda, abordando m\u00e1s de 2 mil metros lineales a la altura de La Catalina, Poc\u00f3 y Buena Vista. De esta manera, el equipo de Emastru se mantiene dando cumplimiento a las directrices del gobernador Gerardo M\u00e1rquez en materia de recuperaci\u00f3n vial.<\/p>\n<p>&nbsp;<\/p>\n<p>&nbsp;<\/p>\n<h6>Prensa Emastru<\/h6>\n","protected":false},"excerpt":{"rendered":"<p>Tal como lo anunci\u00f3 el gobernador Gerardo M\u00e1rquez en la presentaci\u00f3n de su memoria y cuenta del 2024 en relaci\u00f3n a la recuperaci\u00f3n integral de la v\u00eda desde Sabana de&hellip; <\/p>\n","protected":false},"author":7,"featured_media":42407,"comment_status":"closed","ping_status":"closed","sticky":false,"template":"","format":"standard","meta":{"footnotes":""},"categories":[40],"tags":[],"class_list":["post-42406","post","type-post","status-publish","format-standard","has-post-thumbnail","hentry","category-grantrujillo"],"_links":{"self":[{"href":"https:\/\/ciudadtrujillo.com\/index.php?rest_route=\/wp\/v2\/posts\/42406","targetHints":{"allow":["GET"]}}],"collection":[{"href":"https:\/\/ciudadtrujillo.com\/index.php?rest_route=\/wp\/v2\/posts"}],"about":[{"href":"https:\/\/ciudadtrujillo.com\/index.php?rest_route=\/wp\/v2\/types\/post"}],"author":[{"embeddable":true,"href":"https:\/\/ciudadtrujillo.com\/index.php?rest_route=\/wp\/v2\/users\/7"}],"replies":[{"embeddable":true,"href":"https:\/\/ciudadtrujillo.com\/index.php?rest_route=%2Fwp%2Fv2%2Fcomments&post=42406"}],"version-history":[{"count":1,"href":"https:\/\/ciudadtrujillo.com\/index.php?rest_route=\/wp\/v2\/posts\/42406\/revisions"}],"predecessor-version":[{"id":42408,"href":"https:\/\/ciudadtrujillo.com\/index.php?rest_route=\/wp\/v2\/posts\/42406\/revisions\/42408"}],"wp:featuredmedia":[{"embeddable":true,"href":"https:\/\/ciudadtrujillo.com\/index.php?rest_route=\/wp\/v2\/media\/42407"}],"wp:attachment":[{"href":"https:\/\/ciudadtrujillo.com\/index.php?rest_route=%2Fwp%2Fv2%2Fmedia&parent=42406"}],"wp:term":[{"taxonomy":"category","embeddable":true,"href":"https:\/\/ciudadtrujillo.com\/index.php?rest_route=%2Fwp%2Fv2%2Fcategories&post=42406"},{"taxonomy":"post_tag","embeddable":true,"href":"https:\/\/ciudadtrujillo.com\/index.php?rest_route=%2Fwp%2Fv2%2Ftags&post=42406"}],"curies":[{"name":"wp","href":"https:\/\/api.w.org\/{rel}","templated":true}]}}