{"id":42403,"date":"2025-02-18T20:37:22","date_gmt":"2025-02-19T00:37:22","guid":{"rendered":"https:\/\/ciudadtrujillo.com\/?p=42403"},"modified":"2025-02-18T20:37:22","modified_gmt":"2025-02-19T00:37:22","slug":"con-entrega-de-4-326-combos-clap-atienden-a-familias-del-municipio-bolivar","status":"publish","type":"post","link":"https:\/\/ciudadtrujillo.com\/?p=42403","title":{"rendered":"Con entrega de 4.326 combos CLAP atienden a familias del municipio Bol\u00edvar"},"content":{"rendered":"<p style=\"text-align: justify;\">Continuando con los programas sociales del Gobierno Bolivariano para velar por la seguridad alimentaria del pueblo, fueron entregados 4.326 combos CLAP para atender a las familias del municipio Bol\u00edvar.<\/p>\n<p style=\"text-align: justify;\">Con la distribuci\u00f3n de rubros a precios solidarios fueron favorecidas 4.104 familias, quienes agradecieron el apoyo del Presidente Nicol\u00e1s Maduro, el ministro de Alimentaci\u00f3n, MG Carlos Leal Teller\u00eda y el gobernador My. Gerardo M\u00e1rquez.<\/p>\n<p style=\"text-align: justify;\">La Misi\u00f3n Alimentaci\u00f3n en Trujillo contin\u00faa trabajando para garantizar el abastecimiento al pueblo y profundiza acciones para el bienestar social.<\/p>\n<p>&nbsp;<\/p>\n<p>&nbsp;<\/p>\n<h6>Prensa Misi\u00f3n Alimentaci\u00f3n\/Yarlenis Albarr\u00e1n<\/h6>\n","protected":false},"excerpt":{"rendered":"<p>Continuando con los programas sociales del Gobierno Bolivariano para velar por la seguridad alimentaria del pueblo, fueron entregados 4.326 combos CLAP para atender a las familias del municipio Bol\u00edvar. Con&hellip; <\/p>\n","protected":false},"author":7,"featured_media":42404,"comment_status":"closed","ping_status":"closed","sticky":false,"template":"","format":"standard","meta":{"footnotes":""},"categories":[40],"tags":[],"class_list":["post-42403","post","type-post","status-publish","format-standard","has-post-thumbnail","hentry","category-grantrujillo"],"_links":{"self":[{"href":"https:\/\/ciudadtrujillo.com\/index.php?rest_route=\/wp\/v2\/posts\/42403","targetHints":{"allow":["GET"]}}],"collection":[{"href":"https:\/\/ciudadtrujillo.com\/index.php?rest_route=\/wp\/v2\/posts"}],"about":[{"href":"https:\/\/ciudadtrujillo.com\/index.php?rest_route=\/wp\/v2\/types\/post"}],"author":[{"embeddable":true,"href":"https:\/\/ciudadtrujillo.com\/index.php?rest_route=\/wp\/v2\/users\/7"}],"replies":[{"embeddable":true,"href":"https:\/\/ciudadtrujillo.com\/index.php?rest_route=%2Fwp%2Fv2%2Fcomments&post=42403"}],"version-history":[{"count":1,"href":"https:\/\/ciudadtrujillo.com\/index.php?rest_route=\/wp\/v2\/posts\/42403\/revisions"}],"predecessor-version":[{"id":42405,"href":"https:\/\/ciudadtrujillo.com\/index.php?rest_route=\/wp\/v2\/posts\/42403\/revisions\/42405"}],"wp:featuredmedia":[{"embeddable":true,"href":"https:\/\/ciudadtrujillo.com\/index.php?rest_route=\/wp\/v2\/media\/42404"}],"wp:attachment":[{"href":"https:\/\/ciudadtrujillo.com\/index.php?rest_route=%2Fwp%2Fv2%2Fmedia&parent=42403"}],"wp:term":[{"taxonomy":"category","embeddable":true,"href":"https:\/\/ciudadtrujillo.com\/index.php?rest_route=%2Fwp%2Fv2%2Fcategories&post=42403"},{"taxonomy":"post_tag","embeddable":true,"href":"https:\/\/ciudadtrujillo.com\/index.php?rest_route=%2Fwp%2Fv2%2Ftags&post=42403"}],"curies":[{"name":"wp","href":"https:\/\/api.w.org\/{rel}","templated":true}]}}