{"id":42397,"date":"2025-02-18T20:21:48","date_gmt":"2025-02-19T00:21:48","guid":{"rendered":"https:\/\/ciudadtrujillo.com\/?p=42397"},"modified":"2025-02-18T20:21:48","modified_gmt":"2025-02-19T00:21:48","slug":"presidente-petro-denuncia-planes-de-atentado-con-misiles-del-narcotrafico","status":"publish","type":"post","link":"https:\/\/ciudadtrujillo.com\/?p=42397","title":{"rendered":"Presidente Petro denuncia planes de atentado con misiles del narcotr\u00e1fico"},"content":{"rendered":"<p>El presidente de Colombia, Gustavo Petro, denunci\u00f3 este martes que las bandas narcotraficantes de ese pa\u00eds planifican atentar contra su vida mediante el derribo de su avi\u00f3n con el uso de misiles. \u00abQuieren disparar un misil a mi avi\u00f3n, (misiles) que compraron los narcotraficantes y que tienen guardados por ah\u00ed. No uno, sino dos misiles\u00bb, expres\u00f3 Petro durante la transmisi\u00f3n del mando policial al brigadier general Carlos Fernando Triana, quien fue designado como nuevo director de la Polic\u00eda de Colombia.<\/p>\n<p>En el evento, que se llev\u00f3 a cabo en la Escuela de Cadetes de Polic\u00eda General Francisco de Paula Santander, en Bogot\u00e1, agreg\u00f3: \u201cMe quieren tumbar r\u00e1pidamente porque saben que estamos tras las grandes mafias de Colombia y eso puede asustar, s\u00ed, claro que asusta\u201d.<\/p>\n<p>El mandatario no dio detalles sobre el plan para atacar el avi\u00f3n, pero se\u00f1al\u00f3 que la guerrilla del Ej\u00e9rcito de Liberaci\u00f3n Nacional (ELN), con la que el Gobierno suspendi\u00f3 los di\u00e1logos de paz el mes pasado por la violencia en la regi\u00f3n del Catatumbo (noreste), \u00abes una de las grandes mafias de Colombia\u00bb.<\/p>\n<p>El nuevo director de la Polic\u00eda se\u00f1al\u00f3, por su parte, que la instituci\u00f3n tiene \u00abtoda la capacidad\u00bb para recolectar informaci\u00f3n que permita \u00abindividualizar e identificar\u00bb a quienes est\u00e1n detr\u00e1s de las amenazas contra el presidente.<\/p>\n<p>Durante la ceremonia, el jefe de Estado le encomend\u00f3 al general Triana que la Polic\u00eda de Colombia enfrente la impunidad contra los criminales, corte los lazos entre la pol\u00edtica estatal, el narcotr\u00e1fico y el contrabando, y desmantele las grandes mafias de Colombia.<\/p>\n<h3>Evidencias previas<\/h3>\n<p>Hace dos semanas, durante el consejo de ministros televisado v\u00eda alocuci\u00f3n, el mandatario colombiano se\u00f1al\u00f3 a un miembro de la junta directiva de la mafia de estar detr\u00e1s de ese plan.<\/p>\n<p>\u00abEs innombrable. Julio Lozano Pirateque, ciudadano de Dub\u00e1i, colombiano, que est\u00e1 matando a los esmeralderos porque se quiere quedar con las esmeraldas. Por alguna raz\u00f3n cree que el presidente es su enemigo porque all\u00ed hay un poco de gente que ha matado a nuestra gente\u00bb, se\u00f1al\u00f3 el mandatario.<\/p>\n<p>En ese momento asegur\u00f3 que en el aeropuerto El Dorado, de Bogot\u00e1, descubrieron un dron que hac\u00eda inteligencia para posteriormente atentar contra \u00e9l. \u00abSe estrell\u00f3 por casualidad con un avi\u00f3n de Avianca y supimos. Ahora sabemos que no es un cuento. Es una verdad\u00bb.<\/p>\n<p>&nbsp;<\/p>\n<p>&nbsp;<\/p>\n<h6>VTV<\/h6>\n","protected":false},"excerpt":{"rendered":"<p>El presidente de Colombia, Gustavo Petro, denunci\u00f3 este martes que las bandas narcotraficantes de ese pa\u00eds planifican atentar contra su vida mediante el derribo de su avi\u00f3n con el uso&hellip; <\/p>\n","protected":false},"author":7,"featured_media":42398,"comment_status":"closed","ping_status":"closed","sticky":false,"template":"","format":"standard","meta":{"footnotes":""},"categories":[42],"tags":[],"class_list":["post-42397","post","type-post","status-publish","format-standard","has-post-thumbnail","hentry","category-mundo"],"_links":{"self":[{"href":"https:\/\/ciudadtrujillo.com\/index.php?rest_route=\/wp\/v2\/posts\/42397","targetHints":{"allow":["GET"]}}],"collection":[{"href":"https:\/\/ciudadtrujillo.com\/index.php?rest_route=\/wp\/v2\/posts"}],"about":[{"href":"https:\/\/ciudadtrujillo.com\/index.php?rest_route=\/wp\/v2\/types\/post"}],"author":[{"embeddable":true,"href":"https:\/\/ciudadtrujillo.com\/index.php?rest_route=\/wp\/v2\/users\/7"}],"replies":[{"embeddable":true,"href":"https:\/\/ciudadtrujillo.com\/index.php?rest_route=%2Fwp%2Fv2%2Fcomments&post=42397"}],"version-history":[{"count":1,"href":"https:\/\/ciudadtrujillo.com\/index.php?rest_route=\/wp\/v2\/posts\/42397\/revisions"}],"predecessor-version":[{"id":42399,"href":"https:\/\/ciudadtrujillo.com\/index.php?rest_route=\/wp\/v2\/posts\/42397\/revisions\/42399"}],"wp:featuredmedia":[{"embeddable":true,"href":"https:\/\/ciudadtrujillo.com\/index.php?rest_route=\/wp\/v2\/media\/42398"}],"wp:attachment":[{"href":"https:\/\/ciudadtrujillo.com\/index.php?rest_route=%2Fwp%2Fv2%2Fmedia&parent=42397"}],"wp:term":[{"taxonomy":"category","embeddable":true,"href":"https:\/\/ciudadtrujillo.com\/index.php?rest_route=%2Fwp%2Fv2%2Fcategories&post=42397"},{"taxonomy":"post_tag","embeddable":true,"href":"https:\/\/ciudadtrujillo.com\/index.php?rest_route=%2Fwp%2Fv2%2Ftags&post=42397"}],"curies":[{"name":"wp","href":"https:\/\/api.w.org\/{rel}","templated":true}]}}