{"id":42388,"date":"2025-02-17T20:16:10","date_gmt":"2025-02-18T00:16:10","guid":{"rendered":"https:\/\/ciudadtrujillo.com\/?p=42388"},"modified":"2025-02-17T20:16:10","modified_gmt":"2025-02-18T00:16:10","slug":"gobernador-anuncia-recuperacion-total-de-las-vias-bocono-el-cruce-y-la-plazuela-siquisay","status":"publish","type":"post","link":"https:\/\/ciudadtrujillo.com\/?p=42388","title":{"rendered":"Gobernador anuncia recuperaci\u00f3n total de las v\u00edas Bocon\u00f3 &#8211; El Cruce y La Plazuela &#8211; Siquisay"},"content":{"rendered":"<p style=\"text-align: justify;\">En la edici\u00f3n n\u00b0 125 de \u00a1H\u00e1blame, Gerardo!, transmitida desde Bocon\u00f3, el gobernador Gerardo M\u00e1rquez anunci\u00f3 que este mi\u00e9rcoles comenzar\u00e1 la recuperaci\u00f3n total de la carretera Bocon\u00f3 &#8211; El Cruce, con m\u00e1s de 80 kil\u00f3metros a intervenir, adem\u00e1s de la rehabilitaci\u00f3n de la v\u00eda La Plazuela &#8211; Siquisay.<\/p>\n<p style=\"text-align: justify;\">M\u00e1rquez orden\u00f3 a la Empresa del Asfalto de Trujillo (Emastru) realizar una recuperaci\u00f3n total de la v\u00eda, con rehabilitaci\u00f3n de las fallas de borde para luego hacer el asfaltado total. Asever\u00f3 que no quiere un simple bacheo, sino una intervenci\u00f3n absoluta.<\/p>\n<h3 style=\"text-align: justify;\">M\u00e1s anuncios para Bocon\u00f3<\/h3>\n<p style=\"text-align: justify;\">En el Jard\u00edn de Venezuela, el gobernador inform\u00f3 que fue asignada una ambulancia para Guaramacal, adaptada de acuerdo a su topograf\u00eda. Asimismo, fueron entregadas dos m\u00e1s, 0 km, para sumar 8 ambulancias para Bocon\u00f3.<\/p>\n<p style=\"text-align: justify;\">Asimismo, inform\u00f3 que gracias al apoyo del ministro Ra\u00fal Paredes, pronto se inaugurar\u00e1n las primeras torres del urbanismo Jard\u00edn del Ed\u00e9n.<\/p>\n<p style=\"text-align: justify;\">Ante la solicitud del pueblo, el gobernador orden\u00f3 que la Planta M\u00f3vil de Trujillo Gas Comunal realice un plan de saturaci\u00f3n en todas las parroquias de Bocon\u00f3. La Autoridad \u00danica de Gas en Trujillo, Adri\u00e1n Seijas, inform\u00f3 que dicha jornada comenzar\u00e1 hoy lunes.<\/p>\n<p style=\"text-align: justify;\">De la misma forma, instruy\u00f3 la ejecuci\u00f3n de una jornada oftalmol\u00f3gica en el Hospital Rafael Rangel, a realizarse en unas dos o tres semanas, seg\u00fan lo anunciado por la Autoridad \u00danica de Salud, Dra. Yadira Pereira.<\/p>\n<p>&nbsp;<\/p>\n<p>&nbsp;<\/p>\n<h6>Eliph Catalina Fern\u00e1ndez\/Gr\u00e1ficas: David V\u00e1squez<\/h6>\n","protected":false},"excerpt":{"rendered":"<p>En la edici\u00f3n n\u00b0 125 de \u00a1H\u00e1blame, Gerardo!, transmitida desde Bocon\u00f3, el gobernador Gerardo M\u00e1rquez anunci\u00f3 que este mi\u00e9rcoles comenzar\u00e1 la recuperaci\u00f3n total de la carretera Bocon\u00f3 &#8211; El Cruce,&hellip; <\/p>\n","protected":false},"author":7,"featured_media":42389,"comment_status":"closed","ping_status":"closed","sticky":false,"template":"","format":"standard","meta":{"footnotes":""},"categories":[52,40],"tags":[],"class_list":["post-42388","post","type-post","status-publish","format-standard","has-post-thumbnail","hentry","category-destacadas","category-grantrujillo"],"_links":{"self":[{"href":"https:\/\/ciudadtrujillo.com\/index.php?rest_route=\/wp\/v2\/posts\/42388","targetHints":{"allow":["GET"]}}],"collection":[{"href":"https:\/\/ciudadtrujillo.com\/index.php?rest_route=\/wp\/v2\/posts"}],"about":[{"href":"https:\/\/ciudadtrujillo.com\/index.php?rest_route=\/wp\/v2\/types\/post"}],"author":[{"embeddable":true,"href":"https:\/\/ciudadtrujillo.com\/index.php?rest_route=\/wp\/v2\/users\/7"}],"replies":[{"embeddable":true,"href":"https:\/\/ciudadtrujillo.com\/index.php?rest_route=%2Fwp%2Fv2%2Fcomments&post=42388"}],"version-history":[{"count":2,"href":"https:\/\/ciudadtrujillo.com\/index.php?rest_route=\/wp\/v2\/posts\/42388\/revisions"}],"predecessor-version":[{"id":42391,"href":"https:\/\/ciudadtrujillo.com\/index.php?rest_route=\/wp\/v2\/posts\/42388\/revisions\/42391"}],"wp:featuredmedia":[{"embeddable":true,"href":"https:\/\/ciudadtrujillo.com\/index.php?rest_route=\/wp\/v2\/media\/42389"}],"wp:attachment":[{"href":"https:\/\/ciudadtrujillo.com\/index.php?rest_route=%2Fwp%2Fv2%2Fmedia&parent=42388"}],"wp:term":[{"taxonomy":"category","embeddable":true,"href":"https:\/\/ciudadtrujillo.com\/index.php?rest_route=%2Fwp%2Fv2%2Fcategories&post=42388"},{"taxonomy":"post_tag","embeddable":true,"href":"https:\/\/ciudadtrujillo.com\/index.php?rest_route=%2Fwp%2Fv2%2Ftags&post=42388"}],"curies":[{"name":"wp","href":"https:\/\/api.w.org\/{rel}","templated":true}]}}