{"id":42385,"date":"2025-02-17T20:13:30","date_gmt":"2025-02-18T00:13:30","guid":{"rendered":"https:\/\/ciudadtrujillo.com\/?p=42385"},"modified":"2025-02-17T20:13:30","modified_gmt":"2025-02-18T00:13:30","slug":"mas-de-2-mil-musicos-trujillanos-celebraron-los-50-anos-de-sistema","status":"publish","type":"post","link":"https:\/\/ciudadtrujillo.com\/?p=42385","title":{"rendered":"M\u00e1s de 2 mil m\u00fasicos trujillanos celebraron los 50 a\u00f1os de Sistema"},"content":{"rendered":"<p style=\"text-align: justify;\">En el estado Trujillo, m\u00e1s de 2 mil 100 m\u00fasicos de 19 n\u00facleos del Sistema Nacional de Coros y Orquestas Infantiles y Juveniles participaron en un mega concierto por los 50 a\u00f1os de su fundaci\u00f3n y los 205 aniversario de la elevaci\u00f3n de la ciudad de Valera como parroquia eclesi\u00e1stica.<\/p>\n<p style=\"text-align: justify;\">El escenario para estos talentosos m\u00fasicos fueron la avenida 10 y los alrededores de la plaza Bol\u00edvar de la ciudad de Valera, quienes recordaron con alegr\u00eda y orgullo al creador del Sistema, el maestro trujillano Jos\u00e9 Antonio Abreu.<\/p>\n<p style=\"text-align: justify;\">Luis Coronado, gerente del Sistema Nacional de Coros y Orquestas Infantiles y Juveniles en el estado Trujillo, se\u00f1al\u00f3 que este evento enalteci\u00f3 el valor de la m\u00fasica con un amplio repertorio que record\u00f3 la g\u00e9nesis de este proyecto nacido de un trujillano como lo fue el maestro Abreu.<\/p>\n<p style=\"text-align: justify;\">\u201cEl estado Trujillo ten\u00eda que ser el privilegiado en mostrar todo este repertorio que estuvimos haciendo en este macro concierto con m\u00e1s de 2 mil 100 personas en escena; adem\u00e1s es \u00fanico en la entidad por ser el estado natal del fundador del Sistema Nacional de Coros y Orquestas Infantiles y Juveniles\u201d, expres\u00f3.<\/p>\n<p style=\"text-align: justify;\">Indic\u00f3 que en la ejecuci\u00f3n musical participaron ni\u00f1os desde un a\u00f1o de edad hasta los fundadores, hace 50 a\u00f1os, de este proyecto cultural, como una gran familia.<\/p>\n<p style=\"text-align: justify;\">Coronado aprovech\u00f3 la ocasi\u00f3n para anunciar que el pr\u00f3ximo 3 de mayo se tiene previsto un macroconcierto de calidad art\u00edstica y gran dimensi\u00f3n en la ciudad de Trujillo para celebrar el natalicio del m\u00fasico, compositor, director de orquesta, gerente cultural, servidor p\u00fablico y maestro de varias generaciones de m\u00fasicos venezolanos: Jos\u00e9 Antonio Abreu.<\/p>\n<p>&nbsp;<\/p>\n<p>&nbsp;<\/p>\n<h6>\u00daltimas Noticias<\/h6>\n","protected":false},"excerpt":{"rendered":"<p>En el estado Trujillo, m\u00e1s de 2 mil 100 m\u00fasicos de 19 n\u00facleos del Sistema Nacional de Coros y Orquestas Infantiles y Juveniles participaron en un mega concierto por los&hellip; <\/p>\n","protected":false},"author":7,"featured_media":42386,"comment_status":"closed","ping_status":"closed","sticky":false,"template":"","format":"standard","meta":{"footnotes":""},"categories":[40],"tags":[],"class_list":["post-42385","post","type-post","status-publish","format-standard","has-post-thumbnail","hentry","category-grantrujillo"],"_links":{"self":[{"href":"https:\/\/ciudadtrujillo.com\/index.php?rest_route=\/wp\/v2\/posts\/42385","targetHints":{"allow":["GET"]}}],"collection":[{"href":"https:\/\/ciudadtrujillo.com\/index.php?rest_route=\/wp\/v2\/posts"}],"about":[{"href":"https:\/\/ciudadtrujillo.com\/index.php?rest_route=\/wp\/v2\/types\/post"}],"author":[{"embeddable":true,"href":"https:\/\/ciudadtrujillo.com\/index.php?rest_route=\/wp\/v2\/users\/7"}],"replies":[{"embeddable":true,"href":"https:\/\/ciudadtrujillo.com\/index.php?rest_route=%2Fwp%2Fv2%2Fcomments&post=42385"}],"version-history":[{"count":1,"href":"https:\/\/ciudadtrujillo.com\/index.php?rest_route=\/wp\/v2\/posts\/42385\/revisions"}],"predecessor-version":[{"id":42387,"href":"https:\/\/ciudadtrujillo.com\/index.php?rest_route=\/wp\/v2\/posts\/42385\/revisions\/42387"}],"wp:featuredmedia":[{"embeddable":true,"href":"https:\/\/ciudadtrujillo.com\/index.php?rest_route=\/wp\/v2\/media\/42386"}],"wp:attachment":[{"href":"https:\/\/ciudadtrujillo.com\/index.php?rest_route=%2Fwp%2Fv2%2Fmedia&parent=42385"}],"wp:term":[{"taxonomy":"category","embeddable":true,"href":"https:\/\/ciudadtrujillo.com\/index.php?rest_route=%2Fwp%2Fv2%2Fcategories&post=42385"},{"taxonomy":"post_tag","embeddable":true,"href":"https:\/\/ciudadtrujillo.com\/index.php?rest_route=%2Fwp%2Fv2%2Ftags&post=42385"}],"curies":[{"name":"wp","href":"https:\/\/api.w.org\/{rel}","templated":true}]}}