{"id":42382,"date":"2025-02-17T20:10:16","date_gmt":"2025-02-18T00:10:16","guid":{"rendered":"https:\/\/ciudadtrujillo.com\/?p=42382"},"modified":"2025-02-17T20:10:16","modified_gmt":"2025-02-18T00:10:16","slug":"avanza-plan-de-restauracion-de-mobiliario-y-escuelas-del-estado","status":"publish","type":"post","link":"https:\/\/ciudadtrujillo.com\/?p=42382","title":{"rendered":"Avanza plan de restauraci\u00f3n de mobiliario y escuelas del estado"},"content":{"rendered":"<p style=\"text-align: justify;\">La Direcci\u00f3n General de Educaci\u00f3n de Trujillo, a trav\u00e9s del Taller de Producci\u00f3n Negra Matea, el Instituto Nacional de Capacitaci\u00f3n y Educaci\u00f3n Socialista (Inces) junto a las Bricomiles ejecutan acciones para la rehabilitaci\u00f3n de instituciones escolares, as\u00ed como la recuperaci\u00f3n de mobiliario escolar en diversos planteles del municipio Valera.<\/p>\n<p style=\"text-align: justify;\">Por medio de un bolet\u00edn de prensa se conoci\u00f3 que los equipos realizaron una revisi\u00f3n y evaluaci\u00f3n detallada de las cocinas industriales, refrigeradores y congeladores de las Unidades Educativas Doctor Jos\u00e9 Gregorio Hern\u00e1ndez y San Vicente de Paul, a fin de recuperar y fortalecer estos implementos necesarios para el cumplimiento del Programa de Alimentaci\u00f3n Escolar (Pae).<\/p>\n<p style=\"text-align: justify;\">En este sentido, el director General de Educaci\u00f3n, Alexis Brice\u00f1o, destac\u00f3 el apoyo del gobernador Gerardo M\u00e1rquez para impulsar los proyectos que favorezcan directamente a la comunidad educativa.<\/p>\n<p style=\"text-align: justify;\">Indic\u00f3 que gracias a esta articulaci\u00f3n m\u00e1s de 500 estudiantes del municipio Valera ser\u00e1n favorecidos con estas labores.<\/p>\n<p style=\"text-align: justify;\">\u201cEl respaldo del gobernador ha sido fundamental para avanzar en la recuperaci\u00f3n de equipos como cocinas, congeladores y refrigeradores reafirmando su compromiso con la educaci\u00f3n y el bienestar de los trujillanos\u201d, expres\u00f3 Brice\u00f1o.<\/p>\n<h3 style=\"text-align: justify;\">Bricomiles en Valera<\/h3>\n<p style=\"text-align: justify;\">En cuanto al plan de recuperaci\u00f3n de la infraestructura escolar, mencion\u00f3 que junto al Estado Mayor de las Bricomiles inspeccion\u00f3 los avances en la Unidad Educativa R\u00f3mulo Gallegos, ubicada en la parroquia San Luis del municipio Valera, donde tambi\u00e9n funcionan el Liceo Libertador y el Liceo Nocturno Laudelino Mej\u00edas.<\/p>\n<p style=\"text-align: justify;\">All\u00ed se evidenci\u00f3 las labores de recuperaci\u00f3n de la planta f\u00edsica, pintura de paredes externas e internas, mejoramiento de las salas sanitarias, de la fachada, cambio de techo, pintura en rejas, limpieza y desmalezamiento de \u00e1reas verdes, entre otras labores.<\/p>\n<p style=\"text-align: justify;\">Igualmente, en articulaci\u00f3n con el poder popular y la UBCh, este s\u00e1bado se llev\u00f3 a cabo una cayapa con el objetivo de avanzar en la clasificaci\u00f3n de mesas, sillas y pupitres los cuales ser\u00e1n reparados por el Taller Negra Matea de la Direcci\u00f3n General de Educaci\u00f3n, en coordinaci\u00f3n con el Inces.<\/p>\n<p style=\"text-align: justify;\">En esta actividad particip\u00f3 el personal obrero, administrativo, docente y directivo de los planteles demostrando su compromiso con el bienestar de los estudiantes y el fortalecimiento de las condiciones educativas.<\/p>\n<p style=\"text-align: justify;\">\u201cEsta cayapa es un ejemplo del esfuerzo conjunto entre el gobierno regional, las instituciones y la comunidad educativa para garantizar un entorno digno y adecuado para nuestros estudiantes\u201d, asever\u00f3 Brice\u00f1o.<\/p>\n<p style=\"text-align: justify;\">Cabe resaltar que estas tres instituciones atienden a una matr\u00edcula de 610 estudiantes en los niveles de Educaci\u00f3n Inicial, Primaria y Media, adem\u00e1s de la modalidad de J\u00f3venes y Adultos.<\/p>\n<p>&nbsp;<\/p>\n<p>&nbsp;<\/p>\n<h6>\u00daltimas Noticias<\/h6>\n","protected":false},"excerpt":{"rendered":"<p>La Direcci\u00f3n General de Educaci\u00f3n de Trujillo, a trav\u00e9s del Taller de Producci\u00f3n Negra Matea, el Instituto Nacional de Capacitaci\u00f3n y Educaci\u00f3n Socialista (Inces) junto a las Bricomiles ejecutan acciones&hellip; <\/p>\n","protected":false},"author":7,"featured_media":42383,"comment_status":"closed","ping_status":"closed","sticky":false,"template":"","format":"standard","meta":{"footnotes":""},"categories":[40],"tags":[],"class_list":["post-42382","post","type-post","status-publish","format-standard","has-post-thumbnail","hentry","category-grantrujillo"],"_links":{"self":[{"href":"https:\/\/ciudadtrujillo.com\/index.php?rest_route=\/wp\/v2\/posts\/42382","targetHints":{"allow":["GET"]}}],"collection":[{"href":"https:\/\/ciudadtrujillo.com\/index.php?rest_route=\/wp\/v2\/posts"}],"about":[{"href":"https:\/\/ciudadtrujillo.com\/index.php?rest_route=\/wp\/v2\/types\/post"}],"author":[{"embeddable":true,"href":"https:\/\/ciudadtrujillo.com\/index.php?rest_route=\/wp\/v2\/users\/7"}],"replies":[{"embeddable":true,"href":"https:\/\/ciudadtrujillo.com\/index.php?rest_route=%2Fwp%2Fv2%2Fcomments&post=42382"}],"version-history":[{"count":1,"href":"https:\/\/ciudadtrujillo.com\/index.php?rest_route=\/wp\/v2\/posts\/42382\/revisions"}],"predecessor-version":[{"id":42384,"href":"https:\/\/ciudadtrujillo.com\/index.php?rest_route=\/wp\/v2\/posts\/42382\/revisions\/42384"}],"wp:featuredmedia":[{"embeddable":true,"href":"https:\/\/ciudadtrujillo.com\/index.php?rest_route=\/wp\/v2\/media\/42383"}],"wp:attachment":[{"href":"https:\/\/ciudadtrujillo.com\/index.php?rest_route=%2Fwp%2Fv2%2Fmedia&parent=42382"}],"wp:term":[{"taxonomy":"category","embeddable":true,"href":"https:\/\/ciudadtrujillo.com\/index.php?rest_route=%2Fwp%2Fv2%2Fcategories&post=42382"},{"taxonomy":"post_tag","embeddable":true,"href":"https:\/\/ciudadtrujillo.com\/index.php?rest_route=%2Fwp%2Fv2%2Ftags&post=42382"}],"curies":[{"name":"wp","href":"https:\/\/api.w.org\/{rel}","templated":true}]}}