{"id":42379,"date":"2025-02-17T20:07:41","date_gmt":"2025-02-18T00:07:41","guid":{"rendered":"https:\/\/ciudadtrujillo.com\/?p=42379"},"modified":"2025-02-17T20:07:41","modified_gmt":"2025-02-18T00:07:41","slug":"pacientes-son-favorecidos-con-implantacion-de-marcapasos-en-el-hospital-jose-gregorio-hernandez","status":"publish","type":"post","link":"https:\/\/ciudadtrujillo.com\/?p=42379","title":{"rendered":"Pacientes son favorecidos con implantaci\u00f3n de marcapasos en el Hospital Jos\u00e9 Gregorio Hern\u00e1ndez"},"content":{"rendered":"<p style=\"text-align: justify;\">Con el fin de ofrecer mejor calidad de vida al pueblo trujillano, tal como lo orienta el Presidente Nicol\u00e1s Maduro, a trav\u00e9s de la ministra del Poder Popular para la Salud, Magaly Guti\u00e9rrez y las gestiones del gobernador del estado, My. Gerardo M\u00e1rquez y la Autoridad \u00danica en Salud de Trujillo, Yadira Pereira; durante este pasado fin de semana, desde instalaciones del Hospital Dr. \u201cJos\u00e9 Gregorio Hern\u00e1ndez\u201d del municipio capital, se llev\u00f3 a cabo un ciclo de intervenciones de alta complejidad favoreciendo a trujillanos con la implantaci\u00f3n de marcapasos, de los cuales unos fueron por primera vez y otros por reemplazo.<\/p>\n<p style=\"text-align: justify;\">Milagros Cadenas, directora del mencionado centro hospitalario, inform\u00f3 que se culmin\u00f3 con \u00e9xito otro fin de semana, beneficiando un nuevo lote de pacientes con la colocaci\u00f3n de sus marcapasos, en pro de dar respuesta a las solicitudes recibidas a trav\u00e9s del Sistema 1&#215;10 del Buen Gobierno.<\/p>\n<p style=\"text-align: justify;\">Cadenas, adem\u00e1s se\u00f1al\u00f3, que d\u00eda a d\u00eda el HJGH contin\u00faa con la captaci\u00f3n de nuevos pacientes, en pro de seguir beneficiando a m\u00e1s pacientes, en aras mejorar su condici\u00f3n de salud.<\/p>\n<p style=\"text-align: justify;\">Por otro lado, Georgina Rom\u00e1n, paciente intervenida el d\u00eda de hoy, resalt\u00f3 su agradecimiento por la colaci\u00f3n de su marcapaso y por el trato del personal, que, seg\u00fan su criterio, fue catalogado como un \u00e9xito.<\/p>\n<p>&nbsp;<\/p>\n<p>&nbsp;<\/p>\n<h6>Prensa regional MPPS \/ Mar\u00eda Cabrera<\/h6>\n","protected":false},"excerpt":{"rendered":"<p>Con el fin de ofrecer mejor calidad de vida al pueblo trujillano, tal como lo orienta el Presidente Nicol\u00e1s Maduro, a trav\u00e9s de la ministra del Poder Popular para la&hellip; <\/p>\n","protected":false},"author":7,"featured_media":42380,"comment_status":"closed","ping_status":"closed","sticky":false,"template":"","format":"standard","meta":{"footnotes":""},"categories":[40],"tags":[],"class_list":["post-42379","post","type-post","status-publish","format-standard","has-post-thumbnail","hentry","category-grantrujillo"],"_links":{"self":[{"href":"https:\/\/ciudadtrujillo.com\/index.php?rest_route=\/wp\/v2\/posts\/42379","targetHints":{"allow":["GET"]}}],"collection":[{"href":"https:\/\/ciudadtrujillo.com\/index.php?rest_route=\/wp\/v2\/posts"}],"about":[{"href":"https:\/\/ciudadtrujillo.com\/index.php?rest_route=\/wp\/v2\/types\/post"}],"author":[{"embeddable":true,"href":"https:\/\/ciudadtrujillo.com\/index.php?rest_route=\/wp\/v2\/users\/7"}],"replies":[{"embeddable":true,"href":"https:\/\/ciudadtrujillo.com\/index.php?rest_route=%2Fwp%2Fv2%2Fcomments&post=42379"}],"version-history":[{"count":1,"href":"https:\/\/ciudadtrujillo.com\/index.php?rest_route=\/wp\/v2\/posts\/42379\/revisions"}],"predecessor-version":[{"id":42381,"href":"https:\/\/ciudadtrujillo.com\/index.php?rest_route=\/wp\/v2\/posts\/42379\/revisions\/42381"}],"wp:featuredmedia":[{"embeddable":true,"href":"https:\/\/ciudadtrujillo.com\/index.php?rest_route=\/wp\/v2\/media\/42380"}],"wp:attachment":[{"href":"https:\/\/ciudadtrujillo.com\/index.php?rest_route=%2Fwp%2Fv2%2Fmedia&parent=42379"}],"wp:term":[{"taxonomy":"category","embeddable":true,"href":"https:\/\/ciudadtrujillo.com\/index.php?rest_route=%2Fwp%2Fv2%2Fcategories&post=42379"},{"taxonomy":"post_tag","embeddable":true,"href":"https:\/\/ciudadtrujillo.com\/index.php?rest_route=%2Fwp%2Fv2%2Ftags&post=42379"}],"curies":[{"name":"wp","href":"https:\/\/api.w.org\/{rel}","templated":true}]}}