{"id":42376,"date":"2025-02-17T20:03:49","date_gmt":"2025-02-18T00:03:49","guid":{"rendered":"https:\/\/ciudadtrujillo.com\/?p=42376"},"modified":"2025-02-17T21:23:21","modified_gmt":"2025-02-18T01:23:21","slug":"policia-de-trujillo-captura-sujeto-implicado-en-homicidio-en-pampan","status":"publish","type":"post","link":"https:\/\/ciudadtrujillo.com\/?p=42376","title":{"rendered":"Polic\u00eda de Trujillo captura sujeto implicado en homicidio en Pamp\u00e1n"},"content":{"rendered":"<p style=\"text-align: justify;\">Bajo orientaciones de la Gran Misi\u00f3n Cuadrantes de Paz y tras labores de patrullaje especial e investigaci\u00f3n criminal, siguiendo lineamientos del Comandante de la Zona Operativa de Defensa Integral n\u00famero 23 Trujillo, G\/D Rafael Zerpa Zambrano, luego del cerco policial y realizar el escudri\u00f1amiento por diferentes sectores, en el sector La Atalaya parte alta parroquia y municipio Pamp\u00e1n estado Trujillo, se logr\u00f3 la aprehensi\u00f3n de un sujeto quien minutos antes hab\u00eda dado muerte a un ciudadano.<\/p>\n<p style=\"text-align: justify;\">El occiso fue asesinado luego de sostener una acalorada discusi\u00f3n y bajo la ingesta alcoh\u00f3lica el hombre arremeti\u00f3 contra Pe\u00f1a, P. que falleci\u00f3 de manera instant\u00e1nea luego de recibir varias heridas por un objeto contundente (piedra), este suceso se registr\u00f3 en la v\u00eda principal de Pamp\u00e1n.<\/p>\n<p style=\"text-align: justify;\">El detenido qued\u00f3 identificado como Dur\u00e1n, Y. por el delito de homicidio intencional calificado cometido con alevos\u00eda. El procedimiento fue notificado y puesto a orden de la fiscal\u00eda 2da del Ministerio P\u00fablico.<\/p>\n<p>&nbsp;<\/p>\n<p>&nbsp;<\/p>\n<h6>Prensa CPET\/Gr\u00e1ficas: Cortes\u00eda<\/h6>\n","protected":false},"excerpt":{"rendered":"<p>Bajo orientaciones de la Gran Misi\u00f3n Cuadrantes de Paz y tras labores de patrullaje especial e investigaci\u00f3n criminal, siguiendo lineamientos del Comandante de la Zona Operativa de Defensa Integral n\u00famero&hellip; <\/p>\n","protected":false},"author":7,"featured_media":42377,"comment_status":"closed","ping_status":"closed","sticky":false,"template":"","format":"standard","meta":{"footnotes":""},"categories":[40],"tags":[],"class_list":["post-42376","post","type-post","status-publish","format-standard","has-post-thumbnail","hentry","category-grantrujillo"],"_links":{"self":[{"href":"https:\/\/ciudadtrujillo.com\/index.php?rest_route=\/wp\/v2\/posts\/42376","targetHints":{"allow":["GET"]}}],"collection":[{"href":"https:\/\/ciudadtrujillo.com\/index.php?rest_route=\/wp\/v2\/posts"}],"about":[{"href":"https:\/\/ciudadtrujillo.com\/index.php?rest_route=\/wp\/v2\/types\/post"}],"author":[{"embeddable":true,"href":"https:\/\/ciudadtrujillo.com\/index.php?rest_route=\/wp\/v2\/users\/7"}],"replies":[{"embeddable":true,"href":"https:\/\/ciudadtrujillo.com\/index.php?rest_route=%2Fwp%2Fv2%2Fcomments&post=42376"}],"version-history":[{"count":2,"href":"https:\/\/ciudadtrujillo.com\/index.php?rest_route=\/wp\/v2\/posts\/42376\/revisions"}],"predecessor-version":[{"id":42393,"href":"https:\/\/ciudadtrujillo.com\/index.php?rest_route=\/wp\/v2\/posts\/42376\/revisions\/42393"}],"wp:featuredmedia":[{"embeddable":true,"href":"https:\/\/ciudadtrujillo.com\/index.php?rest_route=\/wp\/v2\/media\/42377"}],"wp:attachment":[{"href":"https:\/\/ciudadtrujillo.com\/index.php?rest_route=%2Fwp%2Fv2%2Fmedia&parent=42376"}],"wp:term":[{"taxonomy":"category","embeddable":true,"href":"https:\/\/ciudadtrujillo.com\/index.php?rest_route=%2Fwp%2Fv2%2Fcategories&post=42376"},{"taxonomy":"post_tag","embeddable":true,"href":"https:\/\/ciudadtrujillo.com\/index.php?rest_route=%2Fwp%2Fv2%2Ftags&post=42376"}],"curies":[{"name":"wp","href":"https:\/\/api.w.org\/{rel}","templated":true}]}}