{"id":42373,"date":"2025-02-17T19:58:41","date_gmt":"2025-02-17T23:58:41","guid":{"rendered":"https:\/\/ciudadtrujillo.com\/?p=42373"},"modified":"2025-02-17T19:58:41","modified_gmt":"2025-02-17T23:58:41","slug":"paratletismo-venezolano-inicia-su-calendario-competitivo-2025","status":"publish","type":"post","link":"https:\/\/ciudadtrujillo.com\/?p=42373","title":{"rendered":"Paratletismo venezolano inicia su calendario competitivo 2025"},"content":{"rendered":"<p style=\"text-align: justify;\">La Federaci\u00f3n Venezolana de Deportes sobre Sillas de Ruedas (FeveRuedas) inici\u00f3 su cronograma para el presente a\u00f1o, y desde principios del pasado mes de enero, planifican la preparaci\u00f3n y estrategias de cada una de las disciplinas que conforman a la federaci\u00f3n; motivo por el cual presentaron su calendario competitivo 2025.<\/p>\n<p style=\"text-align: justify;\">El calendario comprende diversas competencias del ciclo paral\u00edmpico rumbo a Los \u00c1ngeles 2028 en distintas disciplinas como: Baloncesto sobre Silla de Ruedas, Para Atletismo, Para Tiro Deportivo, Para Potencia, Para Nataci\u00f3n, F\u00fatbol Amputado y Voleibol Sentado y de pie. Asimismo, en enero se realiz\u00f3 el primer chequeo nacional del Para Tiro Deportivo, tanto en la categor\u00eda juvenil y adulto. Mientras que para el mes de febrero se realiza la primera v\u00e1lida nacional de Para Tiro Deportivo, desde el 6 hasta el 9 de febrero.<\/p>\n<p style=\"text-align: justify;\">Seguidamente, del 26 de febrero al 8 de marzo se realizar\u00e1n los m\u00f3dulos de preparaci\u00f3n de la preselecci\u00f3n juvenil de Baloncesto sobre Silla de Ruedas. Asimismo, dentro del calendario 2025 se estipula la primera V\u00e1lida Nacional de Para Atletismo del 13 al 15 de marzo, que reunir\u00e1 a los mejores exponentes de la disciplina en el pa\u00eds.<\/p>\n<p style=\"text-align: justify;\">Despu\u00e9s de la realizaci\u00f3n de esta gran competici\u00f3n, se llevar\u00e1 a cabo del 17 al 24 de marzo en los estados Lara y Caracas, la concentraci\u00f3n de preparaci\u00f3n t\u00e9cnico \u2013 t\u00e1ctico con atletas de la preselecci\u00f3n de Baloncesto en Silla de Ruedas. Por \u00faltimo, se ejecutar\u00e1 desde el 21 al 23 de marzo en el estado Carabobo, el II Chequeo Nacional de Para Tiro Deportivo, con miras a las pr\u00f3ximas competencias nacionales e internacionales.<\/p>\n<p>&nbsp;<\/p>\n<p>&nbsp;<\/p>\n<h6>VTV<\/h6>\n<p>&nbsp;<\/p>\n","protected":false},"excerpt":{"rendered":"<p>La Federaci\u00f3n Venezolana de Deportes sobre Sillas de Ruedas (FeveRuedas) inici\u00f3 su cronograma para el presente a\u00f1o, y desde principios del pasado mes de enero, planifican la preparaci\u00f3n y estrategias&hellip; <\/p>\n","protected":false},"author":7,"featured_media":0,"comment_status":"closed","ping_status":"closed","sticky":false,"template":"","format":"standard","meta":{"footnotes":""},"categories":[44],"tags":[],"class_list":["post-42373","post","type-post","status-publish","format-standard","hentry","category-deportes"],"_links":{"self":[{"href":"https:\/\/ciudadtrujillo.com\/index.php?rest_route=\/wp\/v2\/posts\/42373","targetHints":{"allow":["GET"]}}],"collection":[{"href":"https:\/\/ciudadtrujillo.com\/index.php?rest_route=\/wp\/v2\/posts"}],"about":[{"href":"https:\/\/ciudadtrujillo.com\/index.php?rest_route=\/wp\/v2\/types\/post"}],"author":[{"embeddable":true,"href":"https:\/\/ciudadtrujillo.com\/index.php?rest_route=\/wp\/v2\/users\/7"}],"replies":[{"embeddable":true,"href":"https:\/\/ciudadtrujillo.com\/index.php?rest_route=%2Fwp%2Fv2%2Fcomments&post=42373"}],"version-history":[{"count":1,"href":"https:\/\/ciudadtrujillo.com\/index.php?rest_route=\/wp\/v2\/posts\/42373\/revisions"}],"predecessor-version":[{"id":42375,"href":"https:\/\/ciudadtrujillo.com\/index.php?rest_route=\/wp\/v2\/posts\/42373\/revisions\/42375"}],"wp:attachment":[{"href":"https:\/\/ciudadtrujillo.com\/index.php?rest_route=%2Fwp%2Fv2%2Fmedia&parent=42373"}],"wp:term":[{"taxonomy":"category","embeddable":true,"href":"https:\/\/ciudadtrujillo.com\/index.php?rest_route=%2Fwp%2Fv2%2Fcategories&post=42373"},{"taxonomy":"post_tag","embeddable":true,"href":"https:\/\/ciudadtrujillo.com\/index.php?rest_route=%2Fwp%2Fv2%2Ftags&post=42373"}],"curies":[{"name":"wp","href":"https:\/\/api.w.org\/{rel}","templated":true}]}}