{"id":42370,"date":"2025-02-17T19:56:18","date_gmt":"2025-02-17T23:56:18","guid":{"rendered":"https:\/\/ciudadtrujillo.com\/?p=42370"},"modified":"2025-02-17T19:56:19","modified_gmt":"2025-02-17T23:56:19","slug":"canciller-de-rusia-llega-a-riad-para-reunirse-con-delegacion-de-ee-uu","status":"publish","type":"post","link":"https:\/\/ciudadtrujillo.com\/?p=42370","title":{"rendered":"Canciller de Rusia llega a Riad para reunirse con delegaci\u00f3n de EE. UU."},"content":{"rendered":"<p style=\"text-align: justify;\">El canciller ruso Sergu\u00e9i Lavrov lleg\u00f3 a Riad, la capital de Arabia Saudita, para reunirse con una delegaci\u00f3n de Estados Unidos (EE. UU.), con el objetivo de restaurar las relaciones ruso-estadounidenses y comenzar posibles negociaciones para el fin del conflicto en Ucrania. Lavrov acudi\u00f3 acompa\u00f1ado por el asesor presidencial del pa\u00eds para Asuntos Internacionales, Yuri Ushakov.<\/p>\n<p style=\"text-align: justify;\">Por su parte, la delegaci\u00f3n de Estados Unidos est\u00e1 compuesta por el secretario de Estado, Marco Rubio; el asesor de Seguridad Nacional, Mike Waltz, y el enviado de la Casa Blanca para Oriente Medio, Steve Witkoff.<\/p>\n<p style=\"text-align: justify;\">La reuni\u00f3n bilateral se llevar\u00e1 a cabo este 18 de febrero y se centrar\u00e1 en la restauraci\u00f3n de las relaciones ruso-estadounidenses y la preparaci\u00f3n de posibles negociaciones sobre la resoluci\u00f3n del conflicto en Ucrania, seg\u00fan el Kremlin. Adem\u00e1s, comenzar\u00e1n los primeros di\u00e1logos para que se re\u00fanan el presidente ruso Vlad\u00edmir Putin y su hom\u00f3logo estadounidense, Donald Trump.<\/p>\n<h3 style=\"text-align: justify;\">Encuentro bilateral, sin terceros<\/h3>\n<p style=\"text-align: justify;\">\u00abLo principal es iniciar una normalizaci\u00f3n real de las relaciones entre nosotros [Mosc\u00fa] y Washington\u00bb, declar\u00f3 el asesor presidencial ruso, Yuri Ushakov, al canal de televisi\u00f3n Rossiya 24, cuando se le pregunt\u00f3 cu\u00e1l ser\u00eda el resultado ideal de la reuni\u00f3n entre las delegaciones rusa y estadounidense en Riad.<\/p>\n<p style=\"text-align: justify;\">Asimismo, destac\u00f3 que la delegaci\u00f3n rusa lleg\u00f3 a las conversaciones en Riad con un planteamiento serio. Adem\u00e1s, enfatiz\u00f3 que en el encuentro solo se mantendr\u00e1n contactos entre EE. UU. y Rusia, al destacar conversaciones trilaterales.<\/p>\n<p style=\"text-align: justify;\">El 12 de febrero, Vladimir Putin y Donald Trump mantuvieron una conversaci\u00f3n telef\u00f3nica en la que debatieron los conflictos en Ucrania y en Oriente Medio, el intercambio de prisioneros, el programa nuclear iran\u00ed y las relaciones bilaterales. Los mandatarios tambi\u00e9n acordaron continuar los contactos y concertar una reuni\u00f3n en persona.<\/p>\n<p style=\"text-align: justify;\">Trump calific\u00f3 de \u00abmuy productivo\u00bb el di\u00e1logo con Putin, y convers\u00f3 tambi\u00e9n con el l\u00edder ucraniano, Volod\u00edmir Zelenski, para ponerlo al tanto de lo acordado con el mandatario ruso.<\/p>\n<p>&nbsp;<\/p>\n<p>&nbsp;<\/p>\n<h6>\u00a0VTV<\/h6>\n","protected":false},"excerpt":{"rendered":"<p>El canciller ruso Sergu\u00e9i Lavrov lleg\u00f3 a Riad, la capital de Arabia Saudita, para reunirse con una delegaci\u00f3n de Estados Unidos (EE. UU.), con el objetivo de restaurar las relaciones&hellip; <\/p>\n","protected":false},"author":7,"featured_media":42371,"comment_status":"closed","ping_status":"closed","sticky":false,"template":"","format":"standard","meta":{"footnotes":""},"categories":[42],"tags":[],"class_list":["post-42370","post","type-post","status-publish","format-standard","has-post-thumbnail","hentry","category-mundo"],"_links":{"self":[{"href":"https:\/\/ciudadtrujillo.com\/index.php?rest_route=\/wp\/v2\/posts\/42370","targetHints":{"allow":["GET"]}}],"collection":[{"href":"https:\/\/ciudadtrujillo.com\/index.php?rest_route=\/wp\/v2\/posts"}],"about":[{"href":"https:\/\/ciudadtrujillo.com\/index.php?rest_route=\/wp\/v2\/types\/post"}],"author":[{"embeddable":true,"href":"https:\/\/ciudadtrujillo.com\/index.php?rest_route=\/wp\/v2\/users\/7"}],"replies":[{"embeddable":true,"href":"https:\/\/ciudadtrujillo.com\/index.php?rest_route=%2Fwp%2Fv2%2Fcomments&post=42370"}],"version-history":[{"count":1,"href":"https:\/\/ciudadtrujillo.com\/index.php?rest_route=\/wp\/v2\/posts\/42370\/revisions"}],"predecessor-version":[{"id":42372,"href":"https:\/\/ciudadtrujillo.com\/index.php?rest_route=\/wp\/v2\/posts\/42370\/revisions\/42372"}],"wp:featuredmedia":[{"embeddable":true,"href":"https:\/\/ciudadtrujillo.com\/index.php?rest_route=\/wp\/v2\/media\/42371"}],"wp:attachment":[{"href":"https:\/\/ciudadtrujillo.com\/index.php?rest_route=%2Fwp%2Fv2%2Fmedia&parent=42370"}],"wp:term":[{"taxonomy":"category","embeddable":true,"href":"https:\/\/ciudadtrujillo.com\/index.php?rest_route=%2Fwp%2Fv2%2Fcategories&post=42370"},{"taxonomy":"post_tag","embeddable":true,"href":"https:\/\/ciudadtrujillo.com\/index.php?rest_route=%2Fwp%2Fv2%2Ftags&post=42370"}],"curies":[{"name":"wp","href":"https:\/\/api.w.org\/{rel}","templated":true}]}}