{"id":42360,"date":"2025-02-16T20:57:19","date_gmt":"2025-02-17T00:57:19","guid":{"rendered":"https:\/\/ciudadtrujillo.com\/?p=42360"},"modified":"2025-02-16T20:57:19","modified_gmt":"2025-02-17T00:57:19","slug":"con-diversas-actividades-celebraron-205-aniversario-de-la-ciudad-de-valera","status":"publish","type":"post","link":"https:\/\/ciudadtrujillo.com\/?p=42360","title":{"rendered":"Con diversas actividades celebraron 205 aniversario de la ciudad de Valera"},"content":{"rendered":"<p style=\"text-align: justify;\">Este s\u00e1bado, la Ciudad de las Siete Colinas conmemor\u00f3 su 205 aniversario con una serie de actividades que reunieron a autoridades locales y al pueblo en un ambiente de celebraci\u00f3n. El gobernador Gerardo M\u00e1rquez destac\u00f3 la labor y organizaci\u00f3n de la C\u00e1mara Municipal y de la Alcald\u00eda de Valera en este importante evento, refiri\u00e9ndose a Valera como una \u201cciudad hermosa, mi ciudad natal y la casa grande de todos\u201d.<\/p>\n<p style=\"text-align: justify;\">El evento comenz\u00f3 con una misa solemne, seguida de una ofrenda floral en honor a los fundadores de la ciudad. Uno de los momentos m\u00e1s esperados fue el macro concierto del Sistema Nacional de Orquestas y Coros Juveniles e Infantiles de Venezuela, que deleit\u00f3 a los asistentes con una muestra del talento musical del pa\u00eds. La jornada culmin\u00f3 con la entrega de reconocimientos.<\/p>\n<p style=\"text-align: justify;\">El secretario del despacho del gobernador, Lcdo. Alfredy Moreno, expres\u00f3 su alegr\u00eda por estar junto al noble pueblo de Valera en esta significativa celebraci\u00f3n. \u00abValera es una de las ciudades m\u00e1s importantes del estado, tanto en materia comercial como econ\u00f3mica\u00bb, destac\u00f3. Adem\u00e1s, record\u00f3 los anuncios del mandatario regional en cuanto a la ejecuci\u00f3n de varias obras para el futuro que consolidar\u00e1n el progreso alcanzado en 2024, incluyendo la construcci\u00f3n de una nueva Ciudad Deportiva.<\/p>\n<p style=\"text-align: justify;\">Adem\u00e1s, la presidenta de la C\u00e1mara Municipal, Andreina Vielma, agradeci\u00f3 a Dios por otro a\u00f1o m\u00e1s para Valera y destac\u00f3 la extraordinaria sesi\u00f3n solemne que se llev\u00f3 a cabo con el acompa\u00f1amiento de los diferentes poderes del gobierno. \u00abSeguimos avanzando en pro del municipio Valera\u00bb, finaliz\u00f3.<\/p>\n<p style=\"text-align: justify;\">Con estas actividades, Valera reafirma su compromiso con el desarrollo y bienestar de sus habitantes, celebrando un legado que sigue creciendo con cada a\u00f1o que pasa.<\/p>\n<p>&nbsp;<\/p>\n<p>&nbsp;<\/p>\n<h6>Ciudad Trujillo<\/h6>\n","protected":false},"excerpt":{"rendered":"<p>Este s\u00e1bado, la Ciudad de las Siete Colinas conmemor\u00f3 su 205 aniversario con una serie de actividades que reunieron a autoridades locales y al pueblo en un ambiente de celebraci\u00f3n.&hellip; <\/p>\n","protected":false},"author":7,"featured_media":42361,"comment_status":"closed","ping_status":"closed","sticky":false,"template":"","format":"standard","meta":{"footnotes":""},"categories":[40],"tags":[],"class_list":["post-42360","post","type-post","status-publish","format-standard","has-post-thumbnail","hentry","category-grantrujillo"],"_links":{"self":[{"href":"https:\/\/ciudadtrujillo.com\/index.php?rest_route=\/wp\/v2\/posts\/42360","targetHints":{"allow":["GET"]}}],"collection":[{"href":"https:\/\/ciudadtrujillo.com\/index.php?rest_route=\/wp\/v2\/posts"}],"about":[{"href":"https:\/\/ciudadtrujillo.com\/index.php?rest_route=\/wp\/v2\/types\/post"}],"author":[{"embeddable":true,"href":"https:\/\/ciudadtrujillo.com\/index.php?rest_route=\/wp\/v2\/users\/7"}],"replies":[{"embeddable":true,"href":"https:\/\/ciudadtrujillo.com\/index.php?rest_route=%2Fwp%2Fv2%2Fcomments&post=42360"}],"version-history":[{"count":1,"href":"https:\/\/ciudadtrujillo.com\/index.php?rest_route=\/wp\/v2\/posts\/42360\/revisions"}],"predecessor-version":[{"id":42362,"href":"https:\/\/ciudadtrujillo.com\/index.php?rest_route=\/wp\/v2\/posts\/42360\/revisions\/42362"}],"wp:featuredmedia":[{"embeddable":true,"href":"https:\/\/ciudadtrujillo.com\/index.php?rest_route=\/wp\/v2\/media\/42361"}],"wp:attachment":[{"href":"https:\/\/ciudadtrujillo.com\/index.php?rest_route=%2Fwp%2Fv2%2Fmedia&parent=42360"}],"wp:term":[{"taxonomy":"category","embeddable":true,"href":"https:\/\/ciudadtrujillo.com\/index.php?rest_route=%2Fwp%2Fv2%2Fcategories&post=42360"},{"taxonomy":"post_tag","embeddable":true,"href":"https:\/\/ciudadtrujillo.com\/index.php?rest_route=%2Fwp%2Fv2%2Ftags&post=42360"}],"curies":[{"name":"wp","href":"https:\/\/api.w.org\/{rel}","templated":true}]}}