{"id":42348,"date":"2025-02-16T20:43:15","date_gmt":"2025-02-17T00:43:15","guid":{"rendered":"https:\/\/ciudadtrujillo.com\/?p=42348"},"modified":"2025-02-16T20:43:15","modified_gmt":"2025-02-17T00:43:15","slug":"directores-de-1-086-planteles-educativos-participan-en-plan-nacional-de-formacion-docente","status":"publish","type":"post","link":"https:\/\/ciudadtrujillo.com\/?p=42348","title":{"rendered":"Directores de 1.086 planteles educativos participan en Plan Nacional de Formaci\u00f3n Docente"},"content":{"rendered":"<p style=\"text-align: justify;\">Los 20 municipios del estado Trujillo vivieron una jornada de formaci\u00f3n y compromiso educativo con la participaci\u00f3n activa de directores de los 1.086 planteles educativos, as\u00ed como supervisores, en la clase presencial correspondiente al M\u00f3dulo 1 del Plan Nacional de Formaci\u00f3n Docente. Este m\u00f3dulo, que tiene como tema central \u00abPol\u00edticas P\u00fablicas y Gesti\u00f3n Educativa\u00bb, busca fortalecer las capacidades del personal docente en funci\u00f3n directiva y de supervisi\u00f3n, en el marco de las orientaciones del presidente Nicol\u00e1s Maduro y el ministro de Educaci\u00f3n, H\u00e9ctor Rodr\u00edguez.<\/p>\n<p style=\"text-align: justify;\">La actividad, que cont\u00f3 con una amplia asistencia, refleja el compromiso de la Fuerza Revolucionaria Magisterial del estado Trujillo con la formaci\u00f3n constante y la mejora de la calidad educativa. Al respecto, el MSc. Alexis Brice\u00f1o, Autoridad \u00danica de Educaci\u00f3n en la entidad, destac\u00f3 la importancia de este esfuerzo colectivo: \u00abLa Fuerza Revolucionaria Magisterial del estado Trujillo se mantiene firme en su compromiso con la formaci\u00f3n constante para garantizar la calidad educativa. Este es un paso m\u00e1s en la consolidaci\u00f3n de un sistema educativo que responda a las necesidades de nuestro pueblo\u00bb.<\/p>\n<p style=\"text-align: justify;\">El M\u00f3dulo 1, que aborda aspectos clave de las pol\u00edticas p\u00fablicas y su aplicaci\u00f3n en la gesti\u00f3n educativa, forma parte de una estrategia integral para fortalecer las competencias de los docentes y directivo<\/p>\n<p>&nbsp;<\/p>\n<p>&nbsp;<\/p>\n<h6>Prensa Educaci\u00f3n<\/h6>\n","protected":false},"excerpt":{"rendered":"<p>Los 20 municipios del estado Trujillo vivieron una jornada de formaci\u00f3n y compromiso educativo con la participaci\u00f3n activa de directores de los 1.086 planteles educativos, as\u00ed como supervisores, en la&hellip; <\/p>\n","protected":false},"author":7,"featured_media":42349,"comment_status":"closed","ping_status":"closed","sticky":false,"template":"","format":"standard","meta":{"footnotes":""},"categories":[40],"tags":[],"class_list":["post-42348","post","type-post","status-publish","format-standard","has-post-thumbnail","hentry","category-grantrujillo"],"_links":{"self":[{"href":"https:\/\/ciudadtrujillo.com\/index.php?rest_route=\/wp\/v2\/posts\/42348","targetHints":{"allow":["GET"]}}],"collection":[{"href":"https:\/\/ciudadtrujillo.com\/index.php?rest_route=\/wp\/v2\/posts"}],"about":[{"href":"https:\/\/ciudadtrujillo.com\/index.php?rest_route=\/wp\/v2\/types\/post"}],"author":[{"embeddable":true,"href":"https:\/\/ciudadtrujillo.com\/index.php?rest_route=\/wp\/v2\/users\/7"}],"replies":[{"embeddable":true,"href":"https:\/\/ciudadtrujillo.com\/index.php?rest_route=%2Fwp%2Fv2%2Fcomments&post=42348"}],"version-history":[{"count":1,"href":"https:\/\/ciudadtrujillo.com\/index.php?rest_route=\/wp\/v2\/posts\/42348\/revisions"}],"predecessor-version":[{"id":42350,"href":"https:\/\/ciudadtrujillo.com\/index.php?rest_route=\/wp\/v2\/posts\/42348\/revisions\/42350"}],"wp:featuredmedia":[{"embeddable":true,"href":"https:\/\/ciudadtrujillo.com\/index.php?rest_route=\/wp\/v2\/media\/42349"}],"wp:attachment":[{"href":"https:\/\/ciudadtrujillo.com\/index.php?rest_route=%2Fwp%2Fv2%2Fmedia&parent=42348"}],"wp:term":[{"taxonomy":"category","embeddable":true,"href":"https:\/\/ciudadtrujillo.com\/index.php?rest_route=%2Fwp%2Fv2%2Fcategories&post=42348"},{"taxonomy":"post_tag","embeddable":true,"href":"https:\/\/ciudadtrujillo.com\/index.php?rest_route=%2Fwp%2Fv2%2Ftags&post=42348"}],"curies":[{"name":"wp","href":"https:\/\/api.w.org\/{rel}","templated":true}]}}