{"id":42345,"date":"2025-02-16T20:41:38","date_gmt":"2025-02-17T00:41:38","guid":{"rendered":"https:\/\/ciudadtrujillo.com\/?p=42345"},"modified":"2025-02-16T20:41:38","modified_gmt":"2025-02-17T00:41:38","slug":"indet-prepara-superliga-estadal-de-futbol-sala-que-iniciara-el-8-de-marzo","status":"publish","type":"post","link":"https:\/\/ciudadtrujillo.com\/?p=42345","title":{"rendered":"INDET prepara superliga estadal de f\u00fatbol sala que iniciar\u00e1 el 8 de marzo"},"content":{"rendered":"<p style=\"text-align: justify;\">En rueda de prensa, Jes\u00fas \u00abEl Trompo\u00bb Gonz\u00e1lez, presidente del Instituto de Deportes del estado Trujillo, inform\u00f3 que preparan una superliga de f\u00fatbol sala Copa \u00abMayor Gerardo M\u00e1rquez\u00bb, cuya inauguraci\u00f3n ser\u00e1 el 8 de marzo en el Gimnasio R\u00f3mulo Ram\u00edrez de la Ciudad Deportiva de Valera y con una gran premiaci\u00f3n monetaria.<\/p>\n<p style=\"text-align: justify;\">Gonz\u00e1lez destac\u00f3 que la inscripci\u00f3n y el arbitraje ser\u00e1n gratuitos, adem\u00e1s, que convocar\u00e1n a una cantidad r\u00e9cord de equipos participantes.<\/p>\n<p style=\"text-align: justify;\">El presidente del INDET estuvo acompa\u00f1ado por el arquero Deivid \u00abPoty\u00bb Villegas, presidente de la Superliga; Gabriel \u00abGabo\u00bb Gonz\u00e1lez, vicepresidente; Cristin Chirinos; coordinadora estadal de la JPsuv; Alirio Ocanto, comisario t\u00e9cnico, as\u00ed como otras glorias del futsal trujillano como Luis \u00abAsprilla\u00bb C\u00e1ceres y Juan \u00abJuanchi\u00bb Bastidas.<\/p>\n<p style=\"text-align: justify;\">Este es un campeonato amplio que se distribuir\u00e1 en ocho zonas estrat\u00e9gicas de la entidad, las cuales tendr\u00e1n sus respectivos coordinadores.<\/p>\n<p>&nbsp;<\/p>\n<p>&nbsp;<\/p>\n<h6>Ciudad Trujillo \/ Miguel \u00c1ngel Albarr\u00e1n<\/h6>\n","protected":false},"excerpt":{"rendered":"<p>En rueda de prensa, Jes\u00fas \u00abEl Trompo\u00bb Gonz\u00e1lez, presidente del Instituto de Deportes del estado Trujillo, inform\u00f3 que preparan una superliga de f\u00fatbol sala Copa \u00abMayor Gerardo M\u00e1rquez\u00bb, cuya inauguraci\u00f3n&hellip; <\/p>\n","protected":false},"author":7,"featured_media":42346,"comment_status":"closed","ping_status":"closed","sticky":false,"template":"","format":"standard","meta":{"footnotes":""},"categories":[40],"tags":[],"class_list":["post-42345","post","type-post","status-publish","format-standard","has-post-thumbnail","hentry","category-grantrujillo"],"_links":{"self":[{"href":"https:\/\/ciudadtrujillo.com\/index.php?rest_route=\/wp\/v2\/posts\/42345","targetHints":{"allow":["GET"]}}],"collection":[{"href":"https:\/\/ciudadtrujillo.com\/index.php?rest_route=\/wp\/v2\/posts"}],"about":[{"href":"https:\/\/ciudadtrujillo.com\/index.php?rest_route=\/wp\/v2\/types\/post"}],"author":[{"embeddable":true,"href":"https:\/\/ciudadtrujillo.com\/index.php?rest_route=\/wp\/v2\/users\/7"}],"replies":[{"embeddable":true,"href":"https:\/\/ciudadtrujillo.com\/index.php?rest_route=%2Fwp%2Fv2%2Fcomments&post=42345"}],"version-history":[{"count":1,"href":"https:\/\/ciudadtrujillo.com\/index.php?rest_route=\/wp\/v2\/posts\/42345\/revisions"}],"predecessor-version":[{"id":42347,"href":"https:\/\/ciudadtrujillo.com\/index.php?rest_route=\/wp\/v2\/posts\/42345\/revisions\/42347"}],"wp:featuredmedia":[{"embeddable":true,"href":"https:\/\/ciudadtrujillo.com\/index.php?rest_route=\/wp\/v2\/media\/42346"}],"wp:attachment":[{"href":"https:\/\/ciudadtrujillo.com\/index.php?rest_route=%2Fwp%2Fv2%2Fmedia&parent=42345"}],"wp:term":[{"taxonomy":"category","embeddable":true,"href":"https:\/\/ciudadtrujillo.com\/index.php?rest_route=%2Fwp%2Fv2%2Fcategories&post=42345"},{"taxonomy":"post_tag","embeddable":true,"href":"https:\/\/ciudadtrujillo.com\/index.php?rest_route=%2Fwp%2Fv2%2Ftags&post=42345"}],"curies":[{"name":"wp","href":"https:\/\/api.w.org\/{rel}","templated":true}]}}