{"id":42342,"date":"2025-02-16T20:37:26","date_gmt":"2025-02-17T00:37:26","guid":{"rendered":"https:\/\/ciudadtrujillo.com\/?p=42342"},"modified":"2025-02-16T20:37:26","modified_gmt":"2025-02-17T00:37:26","slug":"presidente-maduro-reforma-constitucional-buscara-impulsar-nuevas-bases-economicas-y-sociales","status":"publish","type":"post","link":"https:\/\/ciudadtrujillo.com\/?p=42342","title":{"rendered":"Presidente Maduro: Reforma Constitucional buscar\u00e1 impulsar nuevas bases econ\u00f3micas y sociales"},"content":{"rendered":"<p style=\"text-align: justify;\">El Presidente de la Rep\u00fablica Bolivariana de Venezuela, Nicol\u00e1s Maduro, afirm\u00f3 que el 15 de febrero se convirti\u00f3 en una prodigiosa fecha hist\u00f3rica, por la presentaci\u00f3n de los elementos fundamentales de la propuesta de Reforma Constitucional, ante los diputados y las diputadas de la Asamblea Nacional y dem\u00e1s autoridades institucionales, pol\u00edticas y militares del Estado venezolano.<\/p>\n<p style=\"text-align: justify;\">El Jefe de Estado expres\u00f3 que se plantea una gran reforma que modernice, actualice y perfeccione la Constituci\u00f3n de la Rep\u00fablica Bolivariana de Venezuela (CRBV), que \u00abgarantice el impulso a las nuevas bases econ\u00f3micas y sociales del pa\u00eds escuchando al pueblo\u00bb. Asimismo, mencion\u00f3 que fue juramentada la Comisi\u00f3n Nacional para consultar y elaborar \u00abuna bella y perfecta reforma de nuestra Carta Magna\u00bb.<\/p>\n<p style=\"text-align: justify;\">\u00abYa tengo un primer proyecto en desarrollo, con un avance de los primeros 80 art\u00edculos abarcando las cuatro grandes tem\u00e1ticas fundamentales. Estamos en la elaboraci\u00f3n de las tesis que propugnamos, con el objetivo de constitucionalizar los principios del nuevo humanismo, el Bolivarianismo y los fundamentos de la sociedad que aspiramos construir en el siglo XXI\u00bb, resalt\u00f3.<\/p>\n<p style=\"text-align: justify;\">Asever\u00f3 que junto al Poder Popular trabaj\u00f3 en cuatro temas esenciales, como la ampliaci\u00f3n y perfeccionamiento de la democracia directa, participativa y protag\u00f3nica, los nuevos valores, principios y par\u00e1metros para la construcci\u00f3n de la nueva sociedad del siglo XXI, la Venezuela autosustentable, pr\u00f3spera y justa, el nuevo modelo econ\u00f3mico y diversificado no dependiente, as\u00ed como la actualizaci\u00f3n jur\u00eddica, constitucional y pol\u00edtica del engranaje de la CRBV de 1999.<\/p>\n<p style=\"text-align: justify;\">El presidente elegido por el pueblo de Venezuela, este d\u00eda conmemor\u00f3 la convocatoria de la soberan\u00eda absoluta de la patria, por los 206 a\u00f1os \u201cDel Discurso de Angostura al Libro Azul\u201d, y tuvo la oportunidad para entregar el Premio Nacional de Historia. \u00abSomos la fuerza viva de los Libertadores, de la gesta fundacional y esa energ\u00eda de nuestras ra\u00edces originarias\u00bb, destac\u00f3.<\/p>\n<p>&nbsp;<\/p>\n<p>&nbsp;<\/p>\n<h6>VTV<\/h6>\n","protected":false},"excerpt":{"rendered":"<p>El Presidente de la Rep\u00fablica Bolivariana de Venezuela, Nicol\u00e1s Maduro, afirm\u00f3 que el 15 de febrero se convirti\u00f3 en una prodigiosa fecha hist\u00f3rica, por la presentaci\u00f3n de los elementos fundamentales&hellip; <\/p>\n","protected":false},"author":7,"featured_media":42343,"comment_status":"closed","ping_status":"closed","sticky":false,"template":"","format":"standard","meta":{"footnotes":""},"categories":[41],"tags":[],"class_list":["post-42342","post","type-post","status-publish","format-standard","has-post-thumbnail","hentry","category-pais"],"_links":{"self":[{"href":"https:\/\/ciudadtrujillo.com\/index.php?rest_route=\/wp\/v2\/posts\/42342","targetHints":{"allow":["GET"]}}],"collection":[{"href":"https:\/\/ciudadtrujillo.com\/index.php?rest_route=\/wp\/v2\/posts"}],"about":[{"href":"https:\/\/ciudadtrujillo.com\/index.php?rest_route=\/wp\/v2\/types\/post"}],"author":[{"embeddable":true,"href":"https:\/\/ciudadtrujillo.com\/index.php?rest_route=\/wp\/v2\/users\/7"}],"replies":[{"embeddable":true,"href":"https:\/\/ciudadtrujillo.com\/index.php?rest_route=%2Fwp%2Fv2%2Fcomments&post=42342"}],"version-history":[{"count":1,"href":"https:\/\/ciudadtrujillo.com\/index.php?rest_route=\/wp\/v2\/posts\/42342\/revisions"}],"predecessor-version":[{"id":42344,"href":"https:\/\/ciudadtrujillo.com\/index.php?rest_route=\/wp\/v2\/posts\/42342\/revisions\/42344"}],"wp:featuredmedia":[{"embeddable":true,"href":"https:\/\/ciudadtrujillo.com\/index.php?rest_route=\/wp\/v2\/media\/42343"}],"wp:attachment":[{"href":"https:\/\/ciudadtrujillo.com\/index.php?rest_route=%2Fwp%2Fv2%2Fmedia&parent=42342"}],"wp:term":[{"taxonomy":"category","embeddable":true,"href":"https:\/\/ciudadtrujillo.com\/index.php?rest_route=%2Fwp%2Fv2%2Fcategories&post=42342"},{"taxonomy":"post_tag","embeddable":true,"href":"https:\/\/ciudadtrujillo.com\/index.php?rest_route=%2Fwp%2Fv2%2Ftags&post=42342"}],"curies":[{"name":"wp","href":"https:\/\/api.w.org\/{rel}","templated":true}]}}