{"id":42324,"date":"2025-02-13T20:47:00","date_gmt":"2025-02-14T00:47:00","guid":{"rendered":"https:\/\/ciudadtrujillo.com\/?p=42324"},"modified":"2025-02-13T20:47:00","modified_gmt":"2025-02-14T00:47:00","slug":"gob-gerardo-marquez-el-2025-sera-el-ano-del-relanzamiento-y-la-grandeza-de-trujillo","status":"publish","type":"post","link":"https:\/\/ciudadtrujillo.com\/?p=42324","title":{"rendered":"Gob. Gerardo M\u00e1rquez: El 2025 ser\u00e1 el a\u00f1o del relanzamiento y la grandeza de Trujillo"},"content":{"rendered":"<p style=\"text-align: justify;\">\u00abViene el a\u00f1o del crecimiento y la consolidaci\u00f3n definitiva del desarrollo de Trujillo, creo en los empresarios, en los productores, comerciantes, en el poder popular y en todas las fuerzas vivas del estado (&#8230;) \u00a12025, el a\u00f1o del relanzamiento y de la grandeza del estado Trujillo!\u00bb, sentenci\u00f3 este jueves el gobernador Gerardo M\u00e1rquez desde el Domo Bolivariano de Valera en el cierre de su discurso durante la memoria y cuenta e informe de gesti\u00f3n del a\u00f1o fiscal 2024.<\/p>\n<p style=\"text-align: justify;\">Ante una multitud de personas, entre autoridades del tres ejecutivo nacional y regional, diputados, legisladores, alcaldes, invitados especiales, empresarios, productores, representantes de los circuitos comunales, militantes del Partido Socialista Unido de Venezuela y el pueblo en pleno, el mandatario regional asever\u00f3 que se viene un a\u00f1o de grandes victorias en materia productiva, agr\u00edcola, comercial, de infraestructura, deportiva, cultural y social.<\/p>\n<p style=\"text-align: justify;\">En este sentido, M\u00e1rquez indic\u00f3 que ha sostenido conversaciones con productores y el Ministerio de Comercio Nacional para la exportaci\u00f3n de la sobreproducci\u00f3n agr\u00edcola que actualmente hay en el territorio; \u00abtenemos ventajas competitivas y comparativas\u00bb.<\/p>\n<p style=\"text-align: justify;\">En lo que respecta a la vialidad, el gobernador destac\u00f3 que en este a\u00f1o se estima la recuperaci\u00f3n de los tramos La Puerta &#8211; Villa Mercedes, El Cruce-Bocon\u00f3 y, adem\u00e1s de un plan especial de asfaltado en cada uno de los municipios. En materia de infraestructura, detall\u00f3 que se prev\u00e9 la rehabilitaci\u00f3n de 14 puentes con el apoyo del Ministerio de Transporte.<\/p>\n<p style=\"text-align: justify;\">Entre otras proyecciones, mencion\u00f3 que este 2025 ser\u00e1 el a\u00f1o de la vivienda en el estado Trujillo, con entrega de unidades habitacionales en los diversos municipios de la entidad. Asimismo, con relaci\u00f3n a las acciones para garantizar el abastecimiento alimentario del pueblo, indic\u00f3 que se estar\u00e1n realizando jornadas permanentes de distribuci\u00f3n de prote\u00edna en los 20 municipios.<\/p>\n<p style=\"text-align: justify;\">Recalc\u00f3 que, en lo referido al \u00e1mbito cultural, seguir\u00e1n reivindicando el nombre de los pr\u00f3ceres trujillanos con el traslado de los restos del Cnel. Antonio Nicol\u00e1s Brice\u00f1o al Pante\u00f3n Nacional.<\/p>\n<p>&nbsp;<\/p>\n<p>&nbsp;<\/p>\n<h6>Ciudad Trujillo<\/h6>\n","protected":false},"excerpt":{"rendered":"<p>\u00abViene el a\u00f1o del crecimiento y la consolidaci\u00f3n definitiva del desarrollo de Trujillo, creo en los empresarios, en los productores, comerciantes, en el poder popular y en todas las fuerzas&hellip; <\/p>\n","protected":false},"author":7,"featured_media":42325,"comment_status":"closed","ping_status":"closed","sticky":false,"template":"","format":"standard","meta":{"footnotes":""},"categories":[52,40],"tags":[],"class_list":["post-42324","post","type-post","status-publish","format-standard","has-post-thumbnail","hentry","category-destacadas","category-grantrujillo"],"_links":{"self":[{"href":"https:\/\/ciudadtrujillo.com\/index.php?rest_route=\/wp\/v2\/posts\/42324","targetHints":{"allow":["GET"]}}],"collection":[{"href":"https:\/\/ciudadtrujillo.com\/index.php?rest_route=\/wp\/v2\/posts"}],"about":[{"href":"https:\/\/ciudadtrujillo.com\/index.php?rest_route=\/wp\/v2\/types\/post"}],"author":[{"embeddable":true,"href":"https:\/\/ciudadtrujillo.com\/index.php?rest_route=\/wp\/v2\/users\/7"}],"replies":[{"embeddable":true,"href":"https:\/\/ciudadtrujillo.com\/index.php?rest_route=%2Fwp%2Fv2%2Fcomments&post=42324"}],"version-history":[{"count":1,"href":"https:\/\/ciudadtrujillo.com\/index.php?rest_route=\/wp\/v2\/posts\/42324\/revisions"}],"predecessor-version":[{"id":42326,"href":"https:\/\/ciudadtrujillo.com\/index.php?rest_route=\/wp\/v2\/posts\/42324\/revisions\/42326"}],"wp:featuredmedia":[{"embeddable":true,"href":"https:\/\/ciudadtrujillo.com\/index.php?rest_route=\/wp\/v2\/media\/42325"}],"wp:attachment":[{"href":"https:\/\/ciudadtrujillo.com\/index.php?rest_route=%2Fwp%2Fv2%2Fmedia&parent=42324"}],"wp:term":[{"taxonomy":"category","embeddable":true,"href":"https:\/\/ciudadtrujillo.com\/index.php?rest_route=%2Fwp%2Fv2%2Fcategories&post=42324"},{"taxonomy":"post_tag","embeddable":true,"href":"https:\/\/ciudadtrujillo.com\/index.php?rest_route=%2Fwp%2Fv2%2Ftags&post=42324"}],"curies":[{"name":"wp","href":"https:\/\/api.w.org\/{rel}","templated":true}]}}